{"id":12300,"date":"2015-12-16T16:54:10","date_gmt":"2015-12-16T16:54:10","guid":{"rendered":"https:\/\/www.vsacomunicacion.com\/circuito-de-pyms-de-beefeater-en-valencia\/"},"modified":"2015-12-16T16:54:10","modified_gmt":"2015-12-16T16:54:10","slug":"circuito-de-pyms-de-beefeater-en-valencia","status":"publish","type":"post","link":"https:\/\/www.vsacomunicacion.com\/en\/circuito-de-pyms-de-beefeater-en-valencia\/","title":{"rendered":"Circuito de PYM&#8217;s de BEEFEATER en Valencia"},"content":{"rendered":"<p style=\"text-align: justify;\">Hace unos d\u00edas coment\u00e1bamos\u00a0que <strong>BEEFEATER<\/strong> hab\u00eda confiado en <strong>VSA COMUNICACION<\/strong> y su\u00a0<strong>Circuito de PYM&#8217;s<\/strong> para estar presente en las calles de <a href=\"https:\/\/www.vsacomunicacion.com\/circuito-de-pyms-de-beefeater-en-malaga\/\">M\u00e1laga<\/a>.<\/p>\n<p style=\"text-align: justify;\">Hoy os mostramos c\u00f3mo <strong>BEEFEATER\u00a0<\/strong>ha querido estar\u00a0tambi\u00e9n en la ciudad de\u00a0<strong>Valencia<\/strong>.<\/p>\n<p><a href=\"https:\/\/www.vsacomunicacion.com\/wp-content\/uploads\/2016\/01\/pym-medianera-publicidad-exterior-beefeater-mylondon-valencia-diciembre-vsa-comunicacion.jpg\" rel=\"attachment wp-att-2448\"><img fetchpriority=\"high\" decoding=\"async\" class=\"aligncenter size-full wp-image-2448\" src=\"https:\/\/www.vsacomunicacion.com\/wp-content\/uploads\/2016\/01\/pym-medianera-publicidad-exterior-beefeater-mylondon-valencia-diciembre-vsa-comunicacion.jpg\" alt=\"pym-medianera-publicidad-exterior-beefeater-mylondon-valencia-diciembre-vsa-comunicacion\" width=\"3487\" height=\"2144\" \/><\/a><\/p>\n<p style=\"text-align: justify;\"><strong>BEEFEATER<\/strong> es uno de los anunciantes que habitualmente conf\u00eda en<strong> VSA COMUNICACION<\/strong> y nuestros Circuitos de PYM&#8217;s ubicados en las principales ciudades espa\u00f1olas.<\/p>\n<p style=\"text-align: justify;\">Los emplazamientos que forman el<b> Circuito Urbano de <\/b><b>PYM\u2019s<\/b>\u00a0<b>\u00a0<\/b>han sido\u00a0estrat\u00e9gicamente ubicados en calles con gran concentraci\u00f3n de tr\u00e1fico rodado y peatonal, consiguiendo as\u00ed la m\u00e1xima cobertura con el m\u00ednimo n\u00famero de soportes.<\/p>\n<p style=\"text-align: justify;\"><a href=\"https:\/\/www.vsacomunicacion.com\/wp-content\/uploads\/2016\/01\/pym-medianera-publicidad-exterior-beefeater-mylondon-valencia-diciembre-af-vsa-comunicacion-1.jpg\" rel=\"attachment wp-att-2451\"><img decoding=\"async\" class=\"aligncenter size-full wp-image-2451\" src=\"https:\/\/www.vsacomunicacion.com\/wp-content\/uploads\/2016\/01\/pym-medianera-publicidad-exterior-beefeater-mylondon-valencia-diciembre-af-vsa-comunicacion-1.jpg\" alt=\"pym-medianera-publicidad-exterior-beefeater-mylondon-valencia-diciembre-af-vsa-comunicacion\" width=\"609\" height=\"976\" srcset=\"https:\/\/www.vsacomunicacion.com\/wp-content\/uploads\/2016\/01\/pym-medianera-publicidad-exterior-beefeater-mylondon-valencia-diciembre-af-vsa-comunicacion-1.jpg 609w, https:\/\/www.vsacomunicacion.com\/wp-content\/uploads\/2016\/01\/pym-medianera-publicidad-exterior-beefeater-mylondon-valencia-diciembre-af-vsa-comunicacion-1-187x300.jpg 187w\" sizes=\"(max-width: 609px) 100vw, 609px\" \/><\/a><\/p>\n<p><strong><a href=\"http:\/\/es.beefeatergin.com\/our-gin\/london-dry\" target=\"_blank\" rel=\"noopener\">Beefeater London dry<\/a><\/strong> naci\u00f3 y creci\u00f3 en el coraz\u00f3n de Londres, donde contin\u00faa estando desde hace m\u00e1s de 150 a\u00f1os. Como la bebida de Londres, Beefeater ha absorbido la creatividad y la energ\u00eda de la ciudad, que se ha filtrado en su esp\u00edritu.<\/p>\n<p><em>#MYLONDON<\/em><\/p>\n","protected":false},"excerpt":{"rendered":"<p>Hace unos d\u00edas coment\u00e1bamos\u00a0que BEEFEATER hab\u00eda confiado en VSA COMUNICACION y su\u00a0Circuito de PYM&#8217;s para estar presente en las calles de M\u00e1laga. Hoy os mostramos c\u00f3mo BEEFEATER\u00a0ha querido estar\u00a0tambi\u00e9n en la ciudad de\u00a0Valencia. BEEFEATER es uno de los anunciantes que [&hellip;]<\/p>\n","protected":false},"author":3,"featured_media":7229,"comment_status":"open","ping_status":"open","sticky":false,"template":"","format":"standard","meta":{"inline_featured_image":false,"footnotes":""},"categories":[1593,1640],"tags":[2203,1858,1664,1781,1694,1585,1586,1934,1671],"class_list":["post-12300","post","type-post","status-publish","format-standard","has-post-thumbnail","hentry","category-pyms-en","category-valencia-en","tag-mylondon-en","tag-beefeater-en","tag-campana-publicitaria-en","tag-circuito-urbano-en","tag-gran-notoriedad-en","tag-publicidad-exterior-en","tag-publicidad-urbana-en","tag-pyms-valencia-en","tag-trafico-rodado-en"],"_links":{"self":[{"href":"https:\/\/www.vsacomunicacion.com\/en\/wp-json\/wp\/v2\/posts\/12300"}],"collection":[{"href":"https:\/\/www.vsacomunicacion.com\/en\/wp-json\/wp\/v2\/posts"}],"about":[{"href":"https:\/\/www.vsacomunicacion.com\/en\/wp-json\/wp\/v2\/types\/post"}],"author":[{"embeddable":true,"href":"https:\/\/www.vsacomunicacion.com\/en\/wp-json\/wp\/v2\/users\/3"}],"replies":[{"embeddable":true,"href":"https:\/\/www.vsacomunicacion.com\/en\/wp-json\/wp\/v2\/comments?post=12300"}],"version-history":[{"count":0,"href":"https:\/\/www.vsacomunicacion.com\/en\/wp-json\/wp\/v2\/posts\/12300\/revisions"}],"wp:featuredmedia":[{"embeddable":true,"href":"https:\/\/www.vsacomunicacion.com\/en\/wp-json\/wp\/v2\/media\/7229"}],"wp:attachment":[{"href":"https:\/\/www.vsacomunicacion.com\/en\/wp-json\/wp\/v2\/media?parent=12300"}],"wp:term":[{"taxonomy":"category","embeddable":true,"href":"https:\/\/www.vsacomunicacion.com\/en\/wp-json\/wp\/v2\/categories?post=12300"},{"taxonomy":"post_tag","embeddable":true,"href":"https:\/\/www.vsacomunicacion.com\/en\/wp-json\/wp\/v2\/tags?post=12300"}],"curies":[{"name":"wp","href":"https:\/\/api.w.org\/{rel}","templated":true}]}}