{"id":12305,"date":"2015-12-15T17:05:21","date_gmt":"2015-12-15T17:05:21","guid":{"rendered":"https:\/\/www.vsacomunicacion.com\/lona-publicitaria-yoigo-en-la-calle-balmes\/"},"modified":"2015-12-15T17:05:21","modified_gmt":"2015-12-15T17:05:21","slug":"lona-publicitaria-yoigo-en-la-calle-balmes","status":"publish","type":"post","link":"https:\/\/www.vsacomunicacion.com\/en\/lona-publicitaria-yoigo-en-la-calle-balmes\/","title":{"rendered":"Lona Publicitaria YOIGO en la calle Balmes"},"content":{"rendered":"<p style=\"text-align: justify;\"><strong>YOIGO<\/strong> y <strong>VSA COMUNICACION<\/strong> vuelven a colaborar en la creaci\u00f3n de esta espectacular lona publicitaria expuesta en el chafl\u00e1n de las calles Balmes y Travesera de Gracia de <strong>Barcelona<\/strong>.<\/p>\n<p style=\"text-align: justify;\"><a href=\"https:\/\/www.vsacomunicacion.com\/wp-content\/uploads\/2016\/01\/lona-publicitaria-barcelona-yoigo-balmes-206-vsa-comunicacion.jpg\" rel=\"attachment wp-att-2284\"><img fetchpriority=\"high\" decoding=\"async\" class=\"aligncenter size-full wp-image-2284\" src=\"https:\/\/www.vsacomunicacion.com\/wp-content\/uploads\/2016\/01\/lona-publicitaria-barcelona-yoigo-balmes-206-vsa-comunicacion.jpg\" alt=\"lona-publicitaria-barcelona-yoigo-balmes-206-vsa-comunicacion\" width=\"1583\" height=\"1057\" srcset=\"https:\/\/www.vsacomunicacion.com\/wp-content\/uploads\/2016\/01\/lona-publicitaria-barcelona-yoigo-balmes-206-vsa-comunicacion.jpg 1583w, https:\/\/www.vsacomunicacion.com\/wp-content\/uploads\/2016\/01\/lona-publicitaria-barcelona-yoigo-balmes-206-vsa-comunicacion-300x200.jpg 300w, https:\/\/www.vsacomunicacion.com\/wp-content\/uploads\/2016\/01\/lona-publicitaria-barcelona-yoigo-balmes-206-vsa-comunicacion-1024x684.jpg 1024w, https:\/\/www.vsacomunicacion.com\/wp-content\/uploads\/2016\/01\/lona-publicitaria-barcelona-yoigo-balmes-206-vsa-comunicacion-768x513.jpg 768w, https:\/\/www.vsacomunicacion.com\/wp-content\/uploads\/2016\/01\/lona-publicitaria-barcelona-yoigo-balmes-206-vsa-comunicacion-1536x1026.jpg 1536w\" sizes=\"(max-width: 1583px) 100vw, 1583px\" \/><\/a><a href=\"https:\/\/www.vsacomunicacion.com\/wp-content\/uploads\/2016\/01\/lona-publicitaria-barcelona-yoigo-balmes-206-vsa-comunicacion.jpg\" rel=\"attachment wp-att-2284\"><br \/>\n<\/a>Si este es el m\u00f3vil que te gusta, \u00bfTe vienes a YOIGO con \u00e9l?<\/p>\n<p style=\"text-align: justify;\"><!--more--><\/p>\n<p style=\"text-align: justify;\"><strong>YOIGO<\/strong>, tu\u00a0operador m\u00f3vil con tarifas baratas de voz e internet,\u00a0te ofrece\u00a0la posibilidad de adquirir el nuevo<a href=\"https:\/\/tienda.yoigo.com\/moviles\/iphone-5s-16-gb-plata#tipo=contrato&amp;tipodepago=contrato&amp;tarif=la-sinfin\" target=\"_blank\" rel=\"noopener\">\u00a0Iphone 6S de 16Gb <\/a>\u00a0con\u00a0un \u00fanico pago o a trav\u00e9s de\u00a024 c\u00f3modos plazos de 22\u20ac cada uno, sin pago inicial y un \u00fanico pago final de 99\u20ac.<\/p>\n<p style=\"text-align: justify;\">No lo dudes m\u00e1s y vente a YOIGO!! Visita su tienda online o\u00a0inf\u00f3rmate en tu tienda m\u00e1s\u00a0cercana de las mejores tarifas y precios de tu nuevo m\u00f3vil.<\/p>\n<p style=\"text-align: justify;\"><em>En YOIGO se caracterizan por ser diferentes, hacer las cosas de manera diferente\u2026 Para los que tambi\u00e9n son diferentes!!!!<\/em><\/p>\n","protected":false},"excerpt":{"rendered":"<p>YOIGO y VSA COMUNICACION vuelven a colaborar en la creaci\u00f3n de esta espectacular lona publicitaria expuesta en el chafl\u00e1n de las calles Balmes y Travesera de Gracia de Barcelona. Si este es el m\u00f3vil que te gusta, \u00bfTe vienes a [&hellip;]<\/p>\n","protected":false},"author":3,"featured_media":7225,"comment_status":"open","ping_status":"open","sticky":false,"template":"","format":"standard","meta":{"inline_featured_image":false,"footnotes":""},"categories":[1506,1488],"tags":[1516,1664,1693,1609,1581,2214,1585,2227],"class_list":["post-12305","post","type-post","status-publish","format-standard","has-post-thumbnail","hentry","category-barcelona-en","category-lonas-publicitarias-en","tag-barcelona-en","tag-campana-publicitaria-en","tag-gran-formato-en","tag-lonas-publicitarias-2-en","tag-lonas-publicitarias-barcelona-en","tag-premium-en","tag-publicidad-exterior-en","tag-yoigo-en"],"_links":{"self":[{"href":"https:\/\/www.vsacomunicacion.com\/en\/wp-json\/wp\/v2\/posts\/12305"}],"collection":[{"href":"https:\/\/www.vsacomunicacion.com\/en\/wp-json\/wp\/v2\/posts"}],"about":[{"href":"https:\/\/www.vsacomunicacion.com\/en\/wp-json\/wp\/v2\/types\/post"}],"author":[{"embeddable":true,"href":"https:\/\/www.vsacomunicacion.com\/en\/wp-json\/wp\/v2\/users\/3"}],"replies":[{"embeddable":true,"href":"https:\/\/www.vsacomunicacion.com\/en\/wp-json\/wp\/v2\/comments?post=12305"}],"version-history":[{"count":0,"href":"https:\/\/www.vsacomunicacion.com\/en\/wp-json\/wp\/v2\/posts\/12305\/revisions"}],"wp:featuredmedia":[{"embeddable":true,"href":"https:\/\/www.vsacomunicacion.com\/en\/wp-json\/wp\/v2\/media\/7225"}],"wp:attachment":[{"href":"https:\/\/www.vsacomunicacion.com\/en\/wp-json\/wp\/v2\/media?parent=12305"}],"wp:term":[{"taxonomy":"category","embeddable":true,"href":"https:\/\/www.vsacomunicacion.com\/en\/wp-json\/wp\/v2\/categories?post=12305"},{"taxonomy":"post_tag","embeddable":true,"href":"https:\/\/www.vsacomunicacion.com\/en\/wp-json\/wp\/v2\/tags?post=12305"}],"curies":[{"name":"wp","href":"https:\/\/api.w.org\/{rel}","templated":true}]}}