{"id":12308,"date":"2015-12-07T12:00:38","date_gmt":"2015-12-07T12:00:38","guid":{"rendered":"https:\/\/www.vsacomunicacion.com\/circuito-urvan-de-yoigo-en-valencia\/"},"modified":"2015-12-07T12:00:38","modified_gmt":"2015-12-07T12:00:38","slug":"circuito-urvan-de-yoigo-en-valencia","status":"publish","type":"post","link":"https:\/\/www.vsacomunicacion.com\/en\/circuito-urvan-de-yoigo-en-valencia\/","title":{"rendered":"Circuito URVAN de YOIGO en Valencia"},"content":{"rendered":"<p style=\"text-align: justify;\">Tras varios a\u00f1os de un intenso trabajo <strong>VSA COMUNICACION<\/strong> lanz\u00f3 en 2013 el<strong> Circuito UR<span style=\"color: #ff0000;\">VA<\/span>N<\/strong> formado, sin duda, por las<strong> PYM&#8217;s<\/strong> de mayor calidad y formato.<\/p>\n<p style=\"text-align: justify;\">Como os adelantamos en anteriores <a title=\"Ampliamos el Circuito URVAN de Barcelona\" href=\"https:\/\/www.vsacomunicacion.com\/ampliamos-el-circuito-urvan-de-barcelona\/\">posts<\/a>, d\u00eda a d\u00eda, en <strong>VSA COMUNICACION c<\/strong>ontinuamos trabajando para incorporar nuevos y a\u00fan m\u00e1s espectaculares emplazamientos, rehabilitando nuevas fachadas de edificios con el fin de ampliar y mejorar nuestro circuito.<\/p>\n<p style=\"text-align: center;\"><a href=\"https:\/\/www.vsacomunicacion.com\/wp-content\/uploads\/2015\/12\/pym-medianera-publicidad-exterior-yoigo-valencia-diciembre-2-vsa-comunicacion.jpg\"><img fetchpriority=\"high\" decoding=\"async\" class=\"aligncenter wp-image-2185\" title=\"pym-medianera-publicidad-exterior-yoigo-valencia-diciembre-2-vsa-comunicacion\" src=\"https:\/\/www.vsacomunicacion.com\/wp-content\/uploads\/2015\/12\/pym-medianera-publicidad-exterior-yoigo-valencia-diciembre-2-vsa-comunicacion.jpg\" alt=\"pym-medianera-publicidad-exterior-yoigo-valencia-diciembre-2-vsa-comunicacion\" width=\"610\" height=\"343\" \/><\/a><\/p>\n<p style=\"text-align: center;\"><strong style=\"text-align: justify;\">YOIGO<\/strong><span style=\"text-align: justify;\"> es, sin duda, uno de los clientes m\u00e1s fieles a nuestro <\/span><strong style=\"text-align: justify;\">Circuito UR<span style=\"color: #ff0000;\">VA<\/span>N\u00a0<\/strong><span style=\"text-align: justify;\">en el que anuncia todas las novedades de las que puntualmente debemos estar informados.<\/span><\/p>\n<p style=\"text-align: justify;\"><!--more--><\/p>\n<p>\u00bfA\u00fan no te has apuntado a la Tarifa Sinf\u00edn de YOIGO?<\/p>\n<p style=\"text-align: center;\"><img decoding=\"async\" class=\"aligncenter wp-image-2150\" title=\"Circuito URVAN yoigo Valencia diciembre\" src=\"https:\/\/www.vsacomunicacion.com\/wp-content\/uploads\/2015\/12\/Creatividad-pym-yoigo-val-dic-blog.jpg\" alt=\"Circuito URVAN yoigo Valencia diciembre\" width=\"432\" height=\"694\" \/><\/p>\n<p>Todas las nuevas altas y portabilidades realizadas hasta el 31 de enero de 2016 podr\u00e1n disfrutar de esta incre\u00edble promoci\u00f3n por tan s\u00f3lo 29\u20ac\/mes IVA incluido:<\/p>\n<p>20Gb\/mes a alta velocidad hasta 4G.<\/p>\n<p>Llamadas a 0 \u20ac a m\u00f3viles y fijos nacionales sin l\u00edmite de minutos, las 24 h, todos los d\u00edas, establecimiento de llamada incluido, hasta un m\u00e1ximo de 300 n\u00fameros diferentes al mes.<\/p>\n<p>Sin cuota de alta.<\/p>\n<p><em>No pierdas ni un minuto m\u00e1s y ap\u00fantate a la<strong>\u00a0tarfia Sinf\u00edn<\/strong>\u00a0de\u00a0<strong>YOIGO<\/strong>!!<\/em><\/p>\n<p style=\"text-align: justify;\"><em><br \/>\n<\/em><\/p>\n","protected":false},"excerpt":{"rendered":"<p>Tras varios a\u00f1os de un intenso trabajo VSA COMUNICACION lanz\u00f3 en 2013 el Circuito URVAN formado, sin duda, por las PYM&#8217;s de mayor calidad y formato. Como os adelantamos en anteriores posts, d\u00eda a d\u00eda, en VSA COMUNICACION continuamos trabajando [&hellip;]<\/p>\n","protected":false},"author":3,"featured_media":7223,"comment_status":"closed","ping_status":"closed","sticky":false,"template":"","format":"standard","meta":{"inline_featured_image":false,"footnotes":""},"categories":[2069,1640],"tags":[1664,1781,1694,1565,1585,1671,2380,2227],"class_list":["post-12308","post","type-post","status-publish","format-standard","has-post-thumbnail","hentry","category-urvan-en","category-valencia-en","tag-campana-publicitaria-en","tag-circuito-urbano-en","tag-gran-notoriedad-en","tag-publicidad-ciudades-en","tag-publicidad-exterior-en","tag-trafico-rodado-en","tag-urvan-valencia-en","tag-yoigo-en"],"_links":{"self":[{"href":"https:\/\/www.vsacomunicacion.com\/en\/wp-json\/wp\/v2\/posts\/12308"}],"collection":[{"href":"https:\/\/www.vsacomunicacion.com\/en\/wp-json\/wp\/v2\/posts"}],"about":[{"href":"https:\/\/www.vsacomunicacion.com\/en\/wp-json\/wp\/v2\/types\/post"}],"author":[{"embeddable":true,"href":"https:\/\/www.vsacomunicacion.com\/en\/wp-json\/wp\/v2\/users\/3"}],"replies":[{"embeddable":true,"href":"https:\/\/www.vsacomunicacion.com\/en\/wp-json\/wp\/v2\/comments?post=12308"}],"version-history":[{"count":0,"href":"https:\/\/www.vsacomunicacion.com\/en\/wp-json\/wp\/v2\/posts\/12308\/revisions"}],"wp:featuredmedia":[{"embeddable":true,"href":"https:\/\/www.vsacomunicacion.com\/en\/wp-json\/wp\/v2\/media\/7223"}],"wp:attachment":[{"href":"https:\/\/www.vsacomunicacion.com\/en\/wp-json\/wp\/v2\/media?parent=12308"}],"wp:term":[{"taxonomy":"category","embeddable":true,"href":"https:\/\/www.vsacomunicacion.com\/en\/wp-json\/wp\/v2\/categories?post=12308"},{"taxonomy":"post_tag","embeddable":true,"href":"https:\/\/www.vsacomunicacion.com\/en\/wp-json\/wp\/v2\/tags?post=12308"}],"curies":[{"name":"wp","href":"https:\/\/api.w.org\/{rel}","templated":true}]}}