{"id":12310,"date":"2015-12-01T08:28:03","date_gmt":"2015-12-01T08:28:03","guid":{"rendered":"https:\/\/www.vsacomunicacion.com\/lona-publicitaria-olympea-en-la-calle-pelayo-de-barcelona\/"},"modified":"2015-12-01T08:28:03","modified_gmt":"2015-12-01T08:28:03","slug":"lona-publicitaria-olympea-en-la-calle-pelayo-de-barcelona","status":"publish","type":"post","link":"https:\/\/www.vsacomunicacion.com\/en\/lona-publicitaria-olympea-en-la-calle-pelayo-de-barcelona\/","title":{"rendered":"Lona Publicitaria OLYMPEA en la calle Pelayo de Barcelona"},"content":{"rendered":"<p style=\"text-align: justify;\"><strong>VSA COMUNICACION<\/strong> y <strong>PUIG<\/strong> hemos decidido celebrar juntos el Fin de A\u00f1o con la incre\u00edble <strong>lona publicitaria<\/strong> expuesta estos d\u00edas en el c\u00e9ntrico emplazamiento de la calle Pelayo.<\/p>\n<p style=\"text-align: center;\"><a href=\"https:\/\/www.vsacomunicacion.com\/wp-content\/uploads\/2015\/12\/lona-publicitaria-barcelona-paco-rabanne-puig-olympea-pelayo-vsa-comunicacion.jpg\"><img fetchpriority=\"high\" decoding=\"async\" class=\"aligncenter wp-image-2141 size-full\" title=\"lona-publicitaria-barcelona-paco-rabanne-puig-olympea-pelayo-vsa-comunicacion\" src=\"https:\/\/www.vsacomunicacion.com\/wp-content\/uploads\/2015\/12\/lona-publicitaria-barcelona-paco-rabanne-puig-olympea-pelayo-vsa-comunicacion.jpg\" alt=\"lona-publicitaria-barcelona-paco-rabanne-puig-olympea-pelayo-vsa-comunicacion\" width=\"1508\" height=\"1148\" srcset=\"https:\/\/www.vsacomunicacion.com\/wp-content\/uploads\/2015\/12\/lona-publicitaria-barcelona-paco-rabanne-puig-olympea-pelayo-vsa-comunicacion.jpg 1508w, https:\/\/www.vsacomunicacion.com\/wp-content\/uploads\/2015\/12\/lona-publicitaria-barcelona-paco-rabanne-puig-olympea-pelayo-vsa-comunicacion-300x228.jpg 300w, https:\/\/www.vsacomunicacion.com\/wp-content\/uploads\/2015\/12\/lona-publicitaria-barcelona-paco-rabanne-puig-olympea-pelayo-vsa-comunicacion-1024x780.jpg 1024w, https:\/\/www.vsacomunicacion.com\/wp-content\/uploads\/2015\/12\/lona-publicitaria-barcelona-paco-rabanne-puig-olympea-pelayo-vsa-comunicacion-768x585.jpg 768w\" sizes=\"(max-width: 1508px) 100vw, 1508px\" \/><\/a><\/p>\n<p style=\"text-align: justify;\"><a title=\"Web PUIG\" href=\"http:\/\/www.puig.com\/es\/\" target=\"_blank\" rel=\"noopener\"><strong>PUIG<\/strong> <\/a>nos presenta el nuevo<em> eau de parfum<\/em>\u00a0de <strong>Paco Rabanne<\/strong> &#8220;<strong><a title=\"Olympea de Paco Rabanne\" href=\"http:\/\/www.pacorabanne.com\/olympea\/es-MX\/#!\/home\" target=\"_blank\" rel=\"noopener\">OLYMPEA<\/a><\/strong>&#8220;, una fragancia con una sensualidad irreverente y nunca vista, a la que nadie se puede resistir, de la mano de una Cleopatra moderna capaz de seducir tanto a hombres como a Dioses.\u00a0Una mujer que no ha tenido que elegir entre belleza e inteligencia y, es por tanto, \u00fanica.<\/p>\n<p style=\"text-align: justify;\"><!--more--><\/p>\n<p style=\"text-align: justify;\">Cada detalle en\u00a0<strong>OLYMPEA<\/strong> es importante:<\/p>\n<p style=\"text-align: justify;\">El<strong> frasco<\/strong>, mezcla \u00a0de elementos atemporales y motivos art deco, expresando orgullo a la vez que suavidad y feminidad, ha sido creado por el dise\u00f1ador romano Marc-Ange.<\/p>\n<p style=\"text-align: justify;\">Su <strong>fragancia,<\/strong> mezcla \u00fanica de sensualidad y frescor oriental, con notas de mandarina verde y vainilla salda, por el reconocido perfumista, Loc Dong.<\/p>\n<p style=\"text-align: justify;\">Y la\u00a0<strong>musa,<\/strong> la modelo brasile\u00f1a Luma Grothe, de una sensualidad moderna, mirada seductora y belleza casi sobrenatural.<\/p>\n<p style=\"text-align: justify;\"><em>OLYMPEA, el triunfo de una mujer!!<\/em><\/p>\n","protected":false},"excerpt":{"rendered":"<p>VSA COMUNICACION y PUIG hemos decidido celebrar juntos el Fin de A\u00f1o con la incre\u00edble lona publicitaria expuesta estos d\u00edas en el c\u00e9ntrico emplazamiento de la calle Pelayo. PUIG nos presenta el nuevo eau de parfum\u00a0de Paco Rabanne &#8220;OLYMPEA&#8220;, una [&hellip;]<\/p>\n","protected":false},"author":3,"featured_media":7219,"comment_status":"closed","ping_status":"closed","sticky":false,"template":"","format":"standard","meta":{"inline_featured_image":false,"footnotes":""},"categories":[1506,1488],"tags":[1704,1664,1705,1706,1581,2338,2339,1585,2340],"class_list":["post-12310","post","type-post","status-publish","format-standard","has-post-thumbnail","hentry","category-barcelona-en","category-lonas-publicitarias-en","tag-alto-prestigio-publicitario-en","tag-campana-publicitaria-en","tag-centro-ciudad-en","tag-emplazamiento-premium-en","tag-lonas-publicitarias-barcelona-en","tag-olympea-en","tag-paco-rabanne-en","tag-publicidad-exterior-en","tag-puig-en"],"_links":{"self":[{"href":"https:\/\/www.vsacomunicacion.com\/en\/wp-json\/wp\/v2\/posts\/12310"}],"collection":[{"href":"https:\/\/www.vsacomunicacion.com\/en\/wp-json\/wp\/v2\/posts"}],"about":[{"href":"https:\/\/www.vsacomunicacion.com\/en\/wp-json\/wp\/v2\/types\/post"}],"author":[{"embeddable":true,"href":"https:\/\/www.vsacomunicacion.com\/en\/wp-json\/wp\/v2\/users\/3"}],"replies":[{"embeddable":true,"href":"https:\/\/www.vsacomunicacion.com\/en\/wp-json\/wp\/v2\/comments?post=12310"}],"version-history":[{"count":0,"href":"https:\/\/www.vsacomunicacion.com\/en\/wp-json\/wp\/v2\/posts\/12310\/revisions"}],"wp:featuredmedia":[{"embeddable":true,"href":"https:\/\/www.vsacomunicacion.com\/en\/wp-json\/wp\/v2\/media\/7219"}],"wp:attachment":[{"href":"https:\/\/www.vsacomunicacion.com\/en\/wp-json\/wp\/v2\/media?parent=12310"}],"wp:term":[{"taxonomy":"category","embeddable":true,"href":"https:\/\/www.vsacomunicacion.com\/en\/wp-json\/wp\/v2\/categories?post=12310"},{"taxonomy":"post_tag","embeddable":true,"href":"https:\/\/www.vsacomunicacion.com\/en\/wp-json\/wp\/v2\/tags?post=12310"}],"curies":[{"name":"wp","href":"https:\/\/api.w.org\/{rel}","templated":true}]}}