{"id":12319,"date":"2015-11-13T10:38:35","date_gmt":"2015-11-13T10:38:35","guid":{"rendered":"https:\/\/www.vsacomunicacion.com\/pym-de-esl-en-sevilla\/"},"modified":"2015-11-13T10:38:35","modified_gmt":"2015-11-13T10:38:35","slug":"pym-de-esl-en-sevilla","status":"publish","type":"post","link":"https:\/\/www.vsacomunicacion.com\/en\/pym-de-esl-en-sevilla\/","title":{"rendered":"Pym de ESL en SEVILLA"},"content":{"rendered":"<p style=\"text-align: justify;\"><a title=\"Oficina Sevilla ESL\" href=\"https:\/\/www.esl-idiomas.com\/es\/curso-idiomas\/contactanos\/nuestra-oficina-en-sevilla\/index.htm\" target=\"_blank\" rel=\"noopener\"><strong>ESL<\/strong><\/a>, l\u00edder mundial en el sector de los cursos de idiomas en el extranjero, ha escogido nuestra<strong> PYM<\/strong> de la Avenida San Francisco Javier para invitaros a conocerlos y visitar su oficina en Sevilla.<\/p>\n<p style=\"text-align: center;\"><a href=\"https:\/\/www.vsacomunicacion.com\/wp-content\/uploads\/2015\/11\/pym-medianera-publicidad-exterior-esl-escuela-idiomas-san-francisco-javier-sevilla-vsa-comunicacion.jpg\"><img fetchpriority=\"high\" decoding=\"async\" class=\"aligncenter wp-image-2118\" title=\"pym-medianera-publicidad-exterior-esl-escuela-idiomas-san-francisco-javier-sevilla-vsa-comunicacion\" src=\"https:\/\/www.vsacomunicacion.com\/wp-content\/uploads\/2015\/11\/pym-medianera-publicidad-exterior-esl-escuela-idiomas-san-francisco-javier-sevilla-vsa-comunicacion.jpg\" alt=\"pym-medianera-publicidad-exterior-esl-escuela-idiomas-san-francisco-javier-sevilla-vsa-comunicacion\" width=\"596\" height=\"332\" \/><\/a><\/p>\n<p style=\"text-align: justify;\"><strong>ESL<\/strong> ofrece programas de estudios hechos a medida en m\u00e1s de 200 destinos en todo el mundo, sus especialistas en viajes ling\u00fc\u00edsticos est\u00e1n a tu disposici\u00f3n antes, durante y despu\u00e9s de tu curso para brindarte una de las experiencias m\u00e1s gratificantes de tu vida.<\/p>\n<p style=\"text-align: justify;\"><!--more-->Comunicaci\u00f3n, educaci\u00f3n e intercambios culturales constituyen el coraz\u00f3n de las actividades de <strong>ESL<\/strong>.<\/p>\n<p style=\"text-align: justify;\">Como apasionados por el aprendizaje de idiomas y los viajes, su filosof\u00eda se basa en la b\u00fasqueda de nuevos horizontes, conocer gente nueva y aprender nuevos idiomas figurando entre las m\u00e1s gratificantes e importantes experiencias que se pueden disfrutar.<\/p>\n<p style=\"text-align: justify;\">Ofrecen un servicio excepcional y las mejores condiciones a sus estudiantes y escuelas asociadas.<\/p>\n<p style=\"text-align: justify;\"><em>VIAJA, APRENDE Y DIVIERTETE!!<\/em><\/p>\n","protected":false},"excerpt":{"rendered":"<p>ESL, l\u00edder mundial en el sector de los cursos de idiomas en el extranjero, ha escogido nuestra PYM de la Avenida San Francisco Javier para invitaros a conocerlos y visitar su oficina en Sevilla. ESL ofrece programas de estudios hechos [&hellip;]<\/p>\n","protected":false},"author":3,"featured_media":7217,"comment_status":"closed","ping_status":"closed","sticky":false,"template":"","format":"standard","meta":{"inline_featured_image":false,"footnotes":""},"categories":[1593,1695],"tags":[1705,2284,1694,2285,1565,1585,1990,1671],"class_list":["post-12319","post","type-post","status-publish","format-standard","has-post-thumbnail","hentry","category-pyms-en","category-sevilla-en","tag-centro-ciudad-en","tag-esl-en","tag-gran-notoriedad-en","tag-idiomas-en-el-extranjero-en","tag-publicidad-ciudades-en","tag-publicidad-exterior-en","tag-pyms-sevilla-en","tag-trafico-rodado-en"],"_links":{"self":[{"href":"https:\/\/www.vsacomunicacion.com\/en\/wp-json\/wp\/v2\/posts\/12319"}],"collection":[{"href":"https:\/\/www.vsacomunicacion.com\/en\/wp-json\/wp\/v2\/posts"}],"about":[{"href":"https:\/\/www.vsacomunicacion.com\/en\/wp-json\/wp\/v2\/types\/post"}],"author":[{"embeddable":true,"href":"https:\/\/www.vsacomunicacion.com\/en\/wp-json\/wp\/v2\/users\/3"}],"replies":[{"embeddable":true,"href":"https:\/\/www.vsacomunicacion.com\/en\/wp-json\/wp\/v2\/comments?post=12319"}],"version-history":[{"count":0,"href":"https:\/\/www.vsacomunicacion.com\/en\/wp-json\/wp\/v2\/posts\/12319\/revisions"}],"wp:featuredmedia":[{"embeddable":true,"href":"https:\/\/www.vsacomunicacion.com\/en\/wp-json\/wp\/v2\/media\/7217"}],"wp:attachment":[{"href":"https:\/\/www.vsacomunicacion.com\/en\/wp-json\/wp\/v2\/media?parent=12319"}],"wp:term":[{"taxonomy":"category","embeddable":true,"href":"https:\/\/www.vsacomunicacion.com\/en\/wp-json\/wp\/v2\/categories?post=12319"},{"taxonomy":"post_tag","embeddable":true,"href":"https:\/\/www.vsacomunicacion.com\/en\/wp-json\/wp\/v2\/tags?post=12319"}],"curies":[{"name":"wp","href":"https:\/\/api.w.org\/{rel}","templated":true}]}}