{"id":12320,"date":"2015-11-09T08:49:19","date_gmt":"2015-11-09T08:49:19","guid":{"rendered":"https:\/\/www.vsacomunicacion.com\/lona-publicitaria-bmw-x1-en-barcelona\/"},"modified":"2015-11-09T08:49:19","modified_gmt":"2015-11-09T08:49:19","slug":"lona-publicitaria-bmw-x1-en-barcelona","status":"publish","type":"post","link":"https:\/\/www.vsacomunicacion.com\/en\/lona-publicitaria-bmw-x1-en-barcelona\/","title":{"rendered":"Lona Publicitaria BMW X1 en Barcelona"},"content":{"rendered":"<p style=\"text-align: justify;\">El nuevo emplazamiento premium de <strong>VSA COMUNICACION<\/strong>\u00a0en el chafl\u00e1n de la calle Balmes de Barcelona con Travesera de Gracia, que comunica la zona alta de la ciudad con su centro neur\u00e1lgico, ha sido el elegido por el fabricante de autom\u00f3viles alem\u00e1n<strong> BMW<\/strong> para presentar su nuevo <a title=\"BMW X1\" href=\"http:\/\/www.bmw.es\/home\/vehiculos\/X\/x1\/2015\/bmw-x1-presentacion-nuevo-todoterreno.html\" target=\"_blank\" rel=\"noopener\"><strong>X1<\/strong><\/a> con esta magn\u00edfica lona publicitaria.<\/p>\n<p style=\"text-align: center;\"><a href=\"https:\/\/www.vsacomunicacion.com\/wp-content\/uploads\/2015\/11\/lona-publicitaria-barcelona-bmw-x1-balmes-206-noche-vsa-comunicacion.jpg\"><img fetchpriority=\"high\" decoding=\"async\" class=\"aligncenter wp-image-2055\" title=\"lona-publicitaria-barcelona-bmw-x1-balmes-206-noche-vsa-comunicacion\" src=\"https:\/\/www.vsacomunicacion.com\/wp-content\/uploads\/2015\/11\/lona-publicitaria-barcelona-bmw-x1-balmes-206-noche-vsa-comunicacion.jpg\" alt=\"lona-publicitaria-barcelona-bmw-x1-balmes-206-noche-vsa-comunicacion\" width=\"614\" height=\"410\" srcset=\"https:\/\/www.vsacomunicacion.com\/wp-content\/uploads\/2015\/11\/lona-publicitaria-barcelona-bmw-x1-balmes-206-noche-vsa-comunicacion.jpg 2000w, https:\/\/www.vsacomunicacion.com\/wp-content\/uploads\/2015\/11\/lona-publicitaria-barcelona-bmw-x1-balmes-206-noche-vsa-comunicacion-300x200.jpg 300w, https:\/\/www.vsacomunicacion.com\/wp-content\/uploads\/2015\/11\/lona-publicitaria-barcelona-bmw-x1-balmes-206-noche-vsa-comunicacion-1024x684.jpg 1024w, https:\/\/www.vsacomunicacion.com\/wp-content\/uploads\/2015\/11\/lona-publicitaria-barcelona-bmw-x1-balmes-206-noche-vsa-comunicacion-768x513.jpg 768w, https:\/\/www.vsacomunicacion.com\/wp-content\/uploads\/2015\/11\/lona-publicitaria-barcelona-bmw-x1-balmes-206-noche-vsa-comunicacion-1536x1025.jpg 1536w\" sizes=\"(max-width: 614px) 100vw, 614px\" \/><\/a><\/p>\n<p style=\"text-align: justify;\">El <strong>BMW X1<\/strong> abre un nuevo camino en lugar de seguir lo conocido.<\/p>\n<p style=\"text-align: justify;\"><!--more--><\/p>\n<p style=\"text-align: justify;\">Se trata de un <strong>modelo X<\/strong> en toda regla:<\/p>\n<p style=\"text-align: justify;\">&#8211; En su exterior reconocemos en seguida sus cortos voladizos y la gran distancia entre ejes, t\u00edpico de un <strong>SAV<\/strong> (Sports Activity Vehicle).<\/p>\n<p style=\"text-align: justify;\">&#8211; En su interior ofrece a sus ocupantes una posici\u00f3n elevada del asiento,\u00a0as\u00ed como materiales exclusivos y un concepto de manejo intuitivo.<\/p>\n<p style=\"text-align: justify;\">Y\u00a0\u00a0los motores de gasolina y di\u00e9sel din\u00e1micos y eficientes, con tecnolog\u00edas\u00a0BMW EfficientDynamics\u00a0satisfacen tu deseo de ir un poco m\u00e1s all\u00e1.<\/p>\n<p style=\"text-align: justify;\">Prestaciones \u00fanicas sobre cualquier terreno: el estilo SAV del<strong>\u00a0BMW X1<\/strong>\u00a0ofrece dinamismo y deportividad en la vida urbana.<\/p>\n<p style=\"text-align: justify;\">No lo dudes, ac\u00e9rcate a cualquiera de las sucursales <a title=\"Concesionarios Barcelona Premium\" href=\"https:\/\/concesionario.bmw.es\/barcelona-premium\/es_ES\/home.html?sem=sem\" target=\"_blank\" rel=\"noopener\"><strong>Barcelona Premium<\/strong><\/a> e inf\u00f3rmate sobre el nuevo y espectacular<strong> BMW X1.\u00a0<\/strong><\/p>\n<p style=\"text-align: justify;\">\n","protected":false},"excerpt":{"rendered":"<p>El nuevo emplazamiento premium de VSA COMUNICACION\u00a0en el chafl\u00e1n de la calle Balmes de Barcelona con Travesera de Gracia, que comunica la zona alta de la ciudad con su centro neur\u00e1lgico, ha sido el elegido por el fabricante de autom\u00f3viles [&hellip;]<\/p>\n","protected":false},"author":3,"featured_media":7210,"comment_status":"closed","ping_status":"closed","sticky":false,"template":"","format":"standard","meta":{"inline_featured_image":false,"footnotes":""},"categories":[1506,1488],"tags":[1704,1654,2347,1705,1706,1708,1694,1581,1585,2385],"class_list":["post-12320","post","type-post","status-publish","format-standard","has-post-thumbnail","hentry","category-barcelona-en","category-lonas-publicitarias-en","tag-alto-prestigio-publicitario-en","tag-barcelona-premium-en","tag-bmw-en","tag-centro-ciudad-en","tag-emplazamiento-premium-en","tag-formato-espectacular-en","tag-gran-notoriedad-en","tag-lonas-publicitarias-barcelona-en","tag-publicidad-exterior-en","tag-x1-en"],"_links":{"self":[{"href":"https:\/\/www.vsacomunicacion.com\/en\/wp-json\/wp\/v2\/posts\/12320"}],"collection":[{"href":"https:\/\/www.vsacomunicacion.com\/en\/wp-json\/wp\/v2\/posts"}],"about":[{"href":"https:\/\/www.vsacomunicacion.com\/en\/wp-json\/wp\/v2\/types\/post"}],"author":[{"embeddable":true,"href":"https:\/\/www.vsacomunicacion.com\/en\/wp-json\/wp\/v2\/users\/3"}],"replies":[{"embeddable":true,"href":"https:\/\/www.vsacomunicacion.com\/en\/wp-json\/wp\/v2\/comments?post=12320"}],"version-history":[{"count":0,"href":"https:\/\/www.vsacomunicacion.com\/en\/wp-json\/wp\/v2\/posts\/12320\/revisions"}],"wp:featuredmedia":[{"embeddable":true,"href":"https:\/\/www.vsacomunicacion.com\/en\/wp-json\/wp\/v2\/media\/7210"}],"wp:attachment":[{"href":"https:\/\/www.vsacomunicacion.com\/en\/wp-json\/wp\/v2\/media?parent=12320"}],"wp:term":[{"taxonomy":"category","embeddable":true,"href":"https:\/\/www.vsacomunicacion.com\/en\/wp-json\/wp\/v2\/categories?post=12320"},{"taxonomy":"post_tag","embeddable":true,"href":"https:\/\/www.vsacomunicacion.com\/en\/wp-json\/wp\/v2\/tags?post=12320"}],"curies":[{"name":"wp","href":"https:\/\/api.w.org\/{rel}","templated":true}]}}