{"id":12321,"date":"2015-11-07T16:00:35","date_gmt":"2015-11-07T16:00:35","guid":{"rendered":"https:\/\/www.vsacomunicacion.com\/urvan-con-nautica\/"},"modified":"2015-11-07T16:00:35","modified_gmt":"2015-11-07T16:00:35","slug":"urvan-con-nautica","status":"publish","type":"post","link":"https:\/\/www.vsacomunicacion.com\/en\/urvan-con-nautica\/","title":{"rendered":"Pym de NAUTICA en Barcelona"},"content":{"rendered":"<p style=\"text-align: justify;\">Hace unos d\u00edas<strong> LACOSTE<\/strong> nos presentaba su nueva y espectacular boutique de<a title=\"URVAN con LACOSTE\" href=\"https:\/\/www.vsacomunicacion.com\/urvan-con-lacoste\/\"> <strong>Paseo de Gracia<\/strong> <\/a>en el emplazamiento de la <strong>Plaza Bonanova<\/strong> del <strong>Circuito de Pym&#8217;s<\/strong>\u00a0de<strong> Barcelona<\/strong> de<strong> VSA COMUNICACION.<\/strong><\/p>\n<p style=\"text-align: justify;\"><a href=\"https:\/\/www.vsacomunicacion.com\/wp-content\/uploads\/2015\/11\/pym-medianera-publicidad-exterior-nautica-barcelona-vsa-comunicacion.jpg\" rel=\"attachment wp-att-2525\"><img fetchpriority=\"high\" decoding=\"async\" class=\"aligncenter size-full wp-image-2525\" src=\"https:\/\/www.vsacomunicacion.com\/wp-content\/uploads\/2015\/11\/pym-medianera-publicidad-exterior-nautica-barcelona-vsa-comunicacion.jpg\" alt=\"pym-medianera-publicidad-exterior-nautica-barcelona-vsa-comunicacion\" width=\"1880\" height=\"1335\" srcset=\"https:\/\/www.vsacomunicacion.com\/wp-content\/uploads\/2015\/11\/pym-medianera-publicidad-exterior-nautica-barcelona-vsa-comunicacion.jpg 1880w, https:\/\/www.vsacomunicacion.com\/wp-content\/uploads\/2015\/11\/pym-medianera-publicidad-exterior-nautica-barcelona-vsa-comunicacion-300x213.jpg 300w, https:\/\/www.vsacomunicacion.com\/wp-content\/uploads\/2015\/11\/pym-medianera-publicidad-exterior-nautica-barcelona-vsa-comunicacion-1024x727.jpg 1024w, https:\/\/www.vsacomunicacion.com\/wp-content\/uploads\/2015\/11\/pym-medianera-publicidad-exterior-nautica-barcelona-vsa-comunicacion-768x545.jpg 768w, https:\/\/www.vsacomunicacion.com\/wp-content\/uploads\/2015\/11\/pym-medianera-publicidad-exterior-nautica-barcelona-vsa-comunicacion-1536x1091.jpg 1536w\" sizes=\"(max-width: 1880px) 100vw, 1880px\" \/><\/a>Ahora es el momento de anunciaros la apertura de la primera tienda de la marca estadounidense <strong>NAUTICA<\/strong> en Espa\u00f1a ubicada en la\u00a0<strong>Rambla Catalu\u00f1a, 54.<\/strong><\/p>\n<p style=\"text-align: justify;\"><time datetime=\"2015-07-31\">La compa\u00f1\u00eda catalana <strong>BASI<\/strong>, tras finalizar su contrato de fabricaci\u00f3n con la firma francesa <strong>LACOSTE<\/strong>, inici\u00f3 una etapa de transformaci\u00f3n, dirigiendo sus pasos a otro segmento del sector de la moda, la distribuci\u00f3n.<\/time><\/p>\n<p style=\"text-align: justify;\"><a href=\"https:\/\/www.vsacomunicacion.com\/wp-content\/uploads\/2015\/10\/pym-medianera-publicidad-exterior-lacoste-af-rambla-barcelona-vsa-comunicacion.jpg\"><img decoding=\"async\" class=\"aligncenter wp-image-2047\" title=\"Pym URVAN Barcelona NAUTICA\" src=\"https:\/\/www.vsacomunicacion.com\/wp-content\/uploads\/2015\/10\/pym-medianera-publicidad-exterior-lacoste-af-rambla-barcelona-vsa-comunicacion.jpg\" alt=\"pym-medianera-publicidad-exterior-lacoste-af-rambla-barcelona-vsa-comunicacion\" width=\"605\" height=\"381\" \/><\/a><\/p>\n<p style=\"text-align: justify;\">La estrategia de <strong>BASI<\/strong> ha cambiado radicalmente, pasando de un modelo de negocio concentrado en una sola marca a disponer de una cartera de varias firmas, encabezada de momento por la marca estadounidense <strong>NAUTICA<\/strong>, y que muy pronto veremos ampliada.<\/p>\n<p>&nbsp;<\/p>\n<div style=\"text-align: justify;\"><\/div>\n<div style=\"text-align: justify;\"><\/div>\n<div style=\"text-align: justify;\"><\/div>\n","protected":false},"excerpt":{"rendered":"<p>Hace unos d\u00edas LACOSTE nos presentaba su nueva y espectacular boutique de Paseo de Gracia en el emplazamiento de la Plaza Bonanova del Circuito de Pym&#8217;s\u00a0de Barcelona de VSA COMUNICACION. Ahora es el momento de anunciaros la apertura de la [&hellip;]<\/p>\n","protected":false},"author":3,"featured_media":7241,"comment_status":"closed","ping_status":"closed","sticky":false,"template":"","format":"standard","meta":{"inline_featured_image":false,"footnotes":""},"categories":[1506,1593],"tags":[1704,1664,1706,2362,1585,1586,1702,1671],"class_list":["post-12321","post","type-post","status-publish","format-standard","has-post-thumbnail","hentry","category-barcelona-en","category-pyms-en","tag-alto-prestigio-publicitario-en","tag-campana-publicitaria-en","tag-emplazamiento-premium-en","tag-nautica-en","tag-publicidad-exterior-en","tag-publicidad-urbana-en","tag-pyms-barcelona-en","tag-trafico-rodado-en"],"_links":{"self":[{"href":"https:\/\/www.vsacomunicacion.com\/en\/wp-json\/wp\/v2\/posts\/12321"}],"collection":[{"href":"https:\/\/www.vsacomunicacion.com\/en\/wp-json\/wp\/v2\/posts"}],"about":[{"href":"https:\/\/www.vsacomunicacion.com\/en\/wp-json\/wp\/v2\/types\/post"}],"author":[{"embeddable":true,"href":"https:\/\/www.vsacomunicacion.com\/en\/wp-json\/wp\/v2\/users\/3"}],"replies":[{"embeddable":true,"href":"https:\/\/www.vsacomunicacion.com\/en\/wp-json\/wp\/v2\/comments?post=12321"}],"version-history":[{"count":0,"href":"https:\/\/www.vsacomunicacion.com\/en\/wp-json\/wp\/v2\/posts\/12321\/revisions"}],"wp:featuredmedia":[{"embeddable":true,"href":"https:\/\/www.vsacomunicacion.com\/en\/wp-json\/wp\/v2\/media\/7241"}],"wp:attachment":[{"href":"https:\/\/www.vsacomunicacion.com\/en\/wp-json\/wp\/v2\/media?parent=12321"}],"wp:term":[{"taxonomy":"category","embeddable":true,"href":"https:\/\/www.vsacomunicacion.com\/en\/wp-json\/wp\/v2\/categories?post=12321"},{"taxonomy":"post_tag","embeddable":true,"href":"https:\/\/www.vsacomunicacion.com\/en\/wp-json\/wp\/v2\/tags?post=12321"}],"curies":[{"name":"wp","href":"https:\/\/api.w.org\/{rel}","templated":true}]}}