{"id":12322,"date":"2015-11-05T23:19:00","date_gmt":"2015-11-05T23:19:00","guid":{"rendered":"https:\/\/www.vsacomunicacion.com\/lona-publicitaria-mercedes-glc-en-barcelona\/"},"modified":"2015-11-05T23:19:00","modified_gmt":"2015-11-05T23:19:00","slug":"lona-publicitaria-mercedes-glc-en-barcelona","status":"publish","type":"post","link":"https:\/\/www.vsacomunicacion.com\/en\/lona-publicitaria-mercedes-glc-en-barcelona\/","title":{"rendered":"Lona Publicitaria MERCEDES GLC en Barcelona"},"content":{"rendered":"<p style=\"text-align: justify;\">Paseando por la c\u00e9ntrica y concurrida<strong> calle Pelayo<\/strong> de <strong>Barcelona<\/strong> topamos con esta espectacular <strong>lona publicitaria<\/strong>\u00a0de <strong>VSA COMUNICACION<\/strong> del nuevo<a title=\"Mercedes Benz GLC\" href=\"http:\/\/www.mercedes-benz.es\/content\/spain\/mpc\/mpc_spain_website\/es\/home_mpc\/passengercars\/home\/new_cars\/models\/glc\/x253.flash.html\" target=\"_blank\" rel=\"noopener\"><strong> MERCEDES GLC<\/strong><\/a>, ubicada en una de las calles m\u00e1s transitadas por turistas y aut\u00f3ctonos, al lado de Plaza Catalu\u00f1a y Las Ramblas.<\/p>\n<p style=\"text-align: center;\"><a href=\"https:\/\/www.vsacomunicacion.com\/wp-content\/uploads\/2015\/11\/lona-publicitaria-barcelona-mercedes-glc-pelayo-lateral-vsa-comunicacion.jpg\"><img fetchpriority=\"high\" decoding=\"async\" class=\"aligncenter wp-image-2060\" title=\"Lona Publicitaria MERCEDES GLC en Pelayo, Barcelona\" src=\"https:\/\/www.vsacomunicacion.com\/wp-content\/uploads\/2015\/11\/lona-publicitaria-barcelona-mercedes-glc-pelayo-lateral-vsa-comunicacion.jpg\" alt=\"lona-publicitaria-barcelona-mercedes-glc-pelayo-lateral-vsa-comunicacion\" width=\"611\" height=\"409\" srcset=\"https:\/\/www.vsacomunicacion.com\/wp-content\/uploads\/2015\/11\/lona-publicitaria-barcelona-mercedes-glc-pelayo-lateral-vsa-comunicacion.jpg 1747w, https:\/\/www.vsacomunicacion.com\/wp-content\/uploads\/2015\/11\/lona-publicitaria-barcelona-mercedes-glc-pelayo-lateral-vsa-comunicacion-300x200.jpg 300w, https:\/\/www.vsacomunicacion.com\/wp-content\/uploads\/2015\/11\/lona-publicitaria-barcelona-mercedes-glc-pelayo-lateral-vsa-comunicacion-1024x683.jpg 1024w, https:\/\/www.vsacomunicacion.com\/wp-content\/uploads\/2015\/11\/lona-publicitaria-barcelona-mercedes-glc-pelayo-lateral-vsa-comunicacion-768x513.jpg 768w, https:\/\/www.vsacomunicacion.com\/wp-content\/uploads\/2015\/11\/lona-publicitaria-barcelona-mercedes-glc-pelayo-lateral-vsa-comunicacion-1536x1025.jpg 1536w\" sizes=\"(max-width: 611px) 100vw, 611px\" \/><\/a><\/p>\n<p><em>\u00a0\u00bfQu\u00e9 conquistar\u00e1s hoy con el nuevo <strong>MERCEDES GLC<\/strong>?<\/em><\/p>\n<p><!--more--><\/p>\n<p>El nuevo <strong>GLC<\/strong> est\u00e1 hecho a medida para cualquier entorno vital, un acompa\u00f1ante fiable y atento en todas las situaciones en la vida Intemporal, moderno, progresista, con una tendencia deportiva innata de proporciones armoniosas.<\/p>\n<p>&#8211; Cambio autom\u00e1tico de 9 velocidades 9G-TRONIC<\/p>\n<p>&#8211; Tren de rodaje AGILITY CONTROL<\/p>\n<p>&#8211; Interruptor DYNAMIC SELECT (formado por cinco programas de conducci\u00f3n)<\/p>\n<p>&#8211; Tracci\u00f3n integral 4MATIC<\/p>\n<p>&#8211; Mercedes-Benz Intelligent Drive (confort y seguridad se funden en una unidad)<\/p>\n<p>Estas son solo algunas de las prestaciones que caracterizan el nuevo <strong>MERCEDES\u00a0GLC,<\/strong> con \u00e9l experimentar\u00e1s un mundo fascinante!!<\/p>\n<div><\/div>\n<div><\/div>\n<p style=\"text-align: center;\"><a href=\"https:\/\/www.vsacomunicacion.com\/wp-content\/uploads\/2015\/11\/lona-publicitaria-barcelona-mercedes-glc-pelayo-lateral-vsa-comunicacion.jpg\"><br \/>\n<\/a><\/p>\n","protected":false},"excerpt":{"rendered":"<p>Paseando por la c\u00e9ntrica y concurrida calle Pelayo de Barcelona topamos con esta espectacular lona publicitaria\u00a0de VSA COMUNICACION del nuevo MERCEDES GLC, ubicada en una de las calles m\u00e1s transitadas por turistas y aut\u00f3ctonos, al lado de Plaza Catalu\u00f1a y [&hellip;]<\/p>\n","protected":false},"author":3,"featured_media":7212,"comment_status":"closed","ping_status":"closed","sticky":false,"template":"","format":"standard","meta":{"inline_featured_image":false,"footnotes":""},"categories":[1506,1488],"tags":[1705,1701,2386,1694,1581,2387,1671],"class_list":["post-12322","post","type-post","status-publish","format-standard","has-post-thumbnail","hentry","category-barcelona-en","category-lonas-publicitarias-en","tag-centro-ciudad-en","tag-espectacular-en","tag-glc-en","tag-gran-notoriedad-en","tag-lonas-publicitarias-barcelona-en","tag-mercedes-en","tag-trafico-rodado-en"],"_links":{"self":[{"href":"https:\/\/www.vsacomunicacion.com\/en\/wp-json\/wp\/v2\/posts\/12322"}],"collection":[{"href":"https:\/\/www.vsacomunicacion.com\/en\/wp-json\/wp\/v2\/posts"}],"about":[{"href":"https:\/\/www.vsacomunicacion.com\/en\/wp-json\/wp\/v2\/types\/post"}],"author":[{"embeddable":true,"href":"https:\/\/www.vsacomunicacion.com\/en\/wp-json\/wp\/v2\/users\/3"}],"replies":[{"embeddable":true,"href":"https:\/\/www.vsacomunicacion.com\/en\/wp-json\/wp\/v2\/comments?post=12322"}],"version-history":[{"count":0,"href":"https:\/\/www.vsacomunicacion.com\/en\/wp-json\/wp\/v2\/posts\/12322\/revisions"}],"wp:featuredmedia":[{"embeddable":true,"href":"https:\/\/www.vsacomunicacion.com\/en\/wp-json\/wp\/v2\/media\/7212"}],"wp:attachment":[{"href":"https:\/\/www.vsacomunicacion.com\/en\/wp-json\/wp\/v2\/media?parent=12322"}],"wp:term":[{"taxonomy":"category","embeddable":true,"href":"https:\/\/www.vsacomunicacion.com\/en\/wp-json\/wp\/v2\/categories?post=12322"},{"taxonomy":"post_tag","embeddable":true,"href":"https:\/\/www.vsacomunicacion.com\/en\/wp-json\/wp\/v2\/tags?post=12322"}],"curies":[{"name":"wp","href":"https:\/\/api.w.org\/{rel}","templated":true}]}}