{"id":12329,"date":"2015-10-30T16:56:15","date_gmt":"2015-10-30T16:56:15","guid":{"rendered":"https:\/\/www.vsacomunicacion.com\/pym-de-nuevo-centro-en-valencia-2\/"},"modified":"2015-10-30T16:56:15","modified_gmt":"2015-10-30T16:56:15","slug":"pym-de-nuevo-centro-en-valencia-2","status":"publish","type":"post","link":"https:\/\/www.vsacomunicacion.com\/en\/pym-de-nuevo-centro-en-valencia-2\/","title":{"rendered":"Pym de NUEVO CENTRO en Valencia"},"content":{"rendered":"<p style=\"text-align: justify;\"><strong>NUEVO CENTRO<\/strong>, en esta ocasi\u00f3n, nos anuncia la llegada del oto\u00f1o, a trav\u00e9s de varias <strong>PYM&#8217;s<\/strong> \u00a0de\u00a0<strong>VSA COMUNICACION\u00a0<\/strong>ubicadas en la ciudad de <strong>Valencia<\/strong>.<\/p>\n<p style=\"text-align: center;\"><a href=\"https:\/\/www.vsacomunicacion.com\/wp-content\/uploads\/2015\/11\/pym-medianera-publicidad-exterior-nuevo-centro-octubre-2015-valencia-vsa-comunicacion.jpg\"><img fetchpriority=\"high\" decoding=\"async\" class=\"aligncenter wp-image-2086\" title=\"pym-medianera-publicidad-exterior-nuevo-centro-octubre-2015-valencia-vsa-comunicacion\" src=\"https:\/\/www.vsacomunicacion.com\/wp-content\/uploads\/2015\/11\/pym-medianera-publicidad-exterior-nuevo-centro-octubre-2015-valencia-vsa-comunicacion.jpg\" alt=\"pym-medianera-publicidad-exterior-nuevo-centro-octubre-2015-valencia-vsa-comunicacion\" width=\"596\" height=\"401\" srcset=\"https:\/\/www.vsacomunicacion.com\/wp-content\/uploads\/2015\/11\/pym-medianera-publicidad-exterior-nuevo-centro-octubre-2015-valencia-vsa-comunicacion.jpg 1972w, https:\/\/www.vsacomunicacion.com\/wp-content\/uploads\/2015\/11\/pym-medianera-publicidad-exterior-nuevo-centro-octubre-2015-valencia-vsa-comunicacion-300x202.jpg 300w, https:\/\/www.vsacomunicacion.com\/wp-content\/uploads\/2015\/11\/pym-medianera-publicidad-exterior-nuevo-centro-octubre-2015-valencia-vsa-comunicacion-1024x689.jpg 1024w, https:\/\/www.vsacomunicacion.com\/wp-content\/uploads\/2015\/11\/pym-medianera-publicidad-exterior-nuevo-centro-octubre-2015-valencia-vsa-comunicacion-768x516.jpg 768w, https:\/\/www.vsacomunicacion.com\/wp-content\/uploads\/2015\/11\/pym-medianera-publicidad-exterior-nuevo-centro-octubre-2015-valencia-vsa-comunicacion-1536x1033.jpg 1536w\" sizes=\"(max-width: 596px) 100vw, 596px\" \/><\/a><\/p>\n<p style=\"text-align: justify;\">No lo dud\u00e9is y venid a vuestro Centro Comercial <strong>NUEVO CENTRO,<\/strong> en el coraz\u00f3n de Valencia, a descubrir la nueva temporada oto\u00f1o-invierno.<\/p>\n<p style=\"text-align: justify;\"><!--more--><\/p>\n<p style=\"text-align: justify;\">M\u00e1s de 40 m\u00b2\u00a0de publicidad en la pym de Avenida Baleares, una de las principales y m\u00e1s importantes avenidas que une el puerto y el centro de la ciudad levantina.<\/p>\n<p style=\"text-align: justify;\"><a title=\"Blog Nuevo Centro\" href=\"http:\/\/www.nuevocentro.es\/blog\/default.asp\" target=\"_blank\" rel=\"noopener\"><strong>NUEVO CENTRO<\/strong><\/a> no es s\u00f3lo un Centro Comercial, es un espacio en el que, adem\u00e1s de comprar, disponemos de una amplia gama de opciones de ocio y restauraci\u00f3n, as\u00ed como actividades, concursos, torneos, ferias que organizan con gran ilusi\u00f3n para los ni\u00f1os&#8230; y los no tan ni\u00f1os.<\/p>\n<p style=\"text-align: justify;\">Ha llegado el nuevo oto\u00f1o a <strong>NUEVO CENTRO<\/strong>!! NO TE LAS PIERDAS!!!<\/p>\n<p style=\"text-align: justify;\">\n","protected":false},"excerpt":{"rendered":"<p>NUEVO CENTRO, en esta ocasi\u00f3n, nos anuncia la llegada del oto\u00f1o, a trav\u00e9s de varias PYM&#8217;s \u00a0de\u00a0VSA COMUNICACION\u00a0ubicadas en la ciudad de Valencia. No lo dud\u00e9is y venid a vuestro Centro Comercial NUEVO CENTRO, en el coraz\u00f3n de Valencia, a [&hellip;]<\/p>\n","protected":false},"author":3,"featured_media":7216,"comment_status":"closed","ping_status":"closed","sticky":false,"template":"","format":"standard","meta":{"inline_featured_image":false,"footnotes":""},"categories":[1593,1640],"tags":[1705,1781,1694,1993,1585,1934,1671],"class_list":["post-12329","post","type-post","status-publish","format-standard","has-post-thumbnail","hentry","category-pyms-en","category-valencia-en","tag-centro-ciudad-en","tag-circuito-urbano-en","tag-gran-notoriedad-en","tag-nuevo-centro-en","tag-publicidad-exterior-en","tag-pyms-valencia-en","tag-trafico-rodado-en"],"_links":{"self":[{"href":"https:\/\/www.vsacomunicacion.com\/en\/wp-json\/wp\/v2\/posts\/12329"}],"collection":[{"href":"https:\/\/www.vsacomunicacion.com\/en\/wp-json\/wp\/v2\/posts"}],"about":[{"href":"https:\/\/www.vsacomunicacion.com\/en\/wp-json\/wp\/v2\/types\/post"}],"author":[{"embeddable":true,"href":"https:\/\/www.vsacomunicacion.com\/en\/wp-json\/wp\/v2\/users\/3"}],"replies":[{"embeddable":true,"href":"https:\/\/www.vsacomunicacion.com\/en\/wp-json\/wp\/v2\/comments?post=12329"}],"version-history":[{"count":0,"href":"https:\/\/www.vsacomunicacion.com\/en\/wp-json\/wp\/v2\/posts\/12329\/revisions"}],"wp:featuredmedia":[{"embeddable":true,"href":"https:\/\/www.vsacomunicacion.com\/en\/wp-json\/wp\/v2\/media\/7216"}],"wp:attachment":[{"href":"https:\/\/www.vsacomunicacion.com\/en\/wp-json\/wp\/v2\/media?parent=12329"}],"wp:term":[{"taxonomy":"category","embeddable":true,"href":"https:\/\/www.vsacomunicacion.com\/en\/wp-json\/wp\/v2\/categories?post=12329"},{"taxonomy":"post_tag","embeddable":true,"href":"https:\/\/www.vsacomunicacion.com\/en\/wp-json\/wp\/v2\/tags?post=12329"}],"curies":[{"name":"wp","href":"https:\/\/api.w.org\/{rel}","templated":true}]}}