{"id":12331,"date":"2015-10-16T08:52:01","date_gmt":"2015-10-16T08:52:01","guid":{"rendered":"https:\/\/www.vsacomunicacion.com\/lona-publicitaria-audi-r8-en-la-gran-via-de-madrid\/"},"modified":"2015-10-16T08:52:01","modified_gmt":"2015-10-16T08:52:01","slug":"lona-publicitaria-audi-r8-en-la-gran-via-de-madrid","status":"publish","type":"post","link":"https:\/\/www.vsacomunicacion.com\/en\/lona-publicitaria-audi-r8-en-la-gran-via-de-madrid\/","title":{"rendered":"Lona Publicitaria AUDI R8 en La Gran V\u00eda de Madrid"},"content":{"rendered":"<p style=\"text-align: justify;\"><strong>AUDI<\/strong> ha confiado en<strong> VSA COMUNICACION<\/strong> y sus soportes <strong>PREMIUM<\/strong> para presentarnos el incre\u00edble y asombroso\u00a0<strong>AUDI R8<\/strong>!!<\/p>\n<p style=\"text-align: justify;\">Si hace unos d\u00edas os mostramos la espectacular <strong>lona publicitaria<\/strong> expuesta en la prestigiosa<a title=\"Lona Publicitaria AUDI R8\" href=\"https:\/\/www.vsacomunicacion.com\/lona-publicitaria-audi-r8\/\"><strong> Plaza Francesc Maci\u00e0<\/strong> de <strong>Barcelona<\/strong><\/a>,\u00a0hoy os trasladamos a una de las principales y m\u00e1s c\u00e9ntricas calles de <strong>Madrid,<\/strong> <strong>La\u00a0Gran V\u00eda.<\/strong><\/p>\n<p style=\"text-align: center;\"><a href=\"https:\/\/www.vsacomunicacion.com\/wp-content\/uploads\/2015\/10\/lona-publicitaria-madrid-gran-via-9-audi-r8-vsa-comunicacion.jpg\"><img fetchpriority=\"high\" decoding=\"async\" class=\"aligncenter  wp-image-2027\" title=\"lona-publicitaria-madrid-gran-via-9--audi-r8-vsa-comunicacion\" alt=\"lona-publicitaria-madrid-gran-via-9--audi-r8-vsa-comunicacion\" src=\"https:\/\/www.vsacomunicacion.com\/wp-content\/uploads\/2015\/10\/lona-publicitaria-madrid-gran-via-9-audi-r8-vsa-comunicacion.jpg\" width=\"612\" height=\"434\" \/><\/a><\/p>\n<p style=\"text-align: justify;\">Casi 400 m\u00b2 de lona publicitaria en la zona m\u00e1s transitada de Madrid, rodeada de cines, teatros, hoteles y oficinas. Con gran afluencia juvenil y tur\u00edstica.<\/p>\n<p><!--more--><\/p>\n<p style=\"text-align: justify;\"><strong>AUDI<\/strong>, con su af\u00e1n de mejorar continuamente, ha conseguido actualizar y redise\u00f1ar el mejor deportivo del fabricante alem\u00e1n lanzado por primera vez en el 2006.<\/p>\n<p style=\"text-align: justify;\"><strong>AUDI R8<\/strong> es, sin duda, el veh\u00edculo que literalmente quita el aliento!! Pura deportividad con suma ligereza, combinando un autom\u00f3vil d\u00f3cil en su conducci\u00f3n con una desgarradora fuerza, una precisi\u00f3n t\u00e9cnica y unas prestaciones exigidas hasta el l\u00edmite de lo factible.<\/p>\n<p style=\"text-align: justify;\"><em><strong>AUDI R8:<\/strong>\u00a0El talento para convertir en \u00fanico cada segundo.<\/em><\/p>\n","protected":false},"excerpt":{"rendered":"<p>AUDI ha confiado en VSA COMUNICACION y sus soportes PREMIUM para presentarnos el incre\u00edble y asombroso\u00a0AUDI R8!! Si hace unos d\u00edas os mostramos la espectacular lona publicitaria expuesta en la prestigiosa Plaza Francesc Maci\u00e0 de Barcelona,\u00a0hoy os trasladamos a una [&hellip;]<\/p>\n","protected":false},"author":3,"featured_media":7206,"comment_status":"closed","ping_status":"closed","sticky":false,"template":"","format":"standard","meta":{"inline_featured_image":false,"footnotes":""},"categories":[1488,1489],"tags":[1699,2389,1664,1705,1706,1708,1611,1585,1599],"class_list":["post-12331","post","type-post","status-publish","format-standard","has-post-thumbnail","hentry","category-lonas-publicitarias-en","category-madrid-en","tag-audi-en","tag-audi-r8-en","tag-campana-publicitaria-en","tag-centro-ciudad-en","tag-emplazamiento-premium-en","tag-formato-espectacular-en","tag-lonas-publicitarias-madrid-en","tag-publicidad-exterior-en","tag-publicidad-gran-formato-en"],"_links":{"self":[{"href":"https:\/\/www.vsacomunicacion.com\/en\/wp-json\/wp\/v2\/posts\/12331"}],"collection":[{"href":"https:\/\/www.vsacomunicacion.com\/en\/wp-json\/wp\/v2\/posts"}],"about":[{"href":"https:\/\/www.vsacomunicacion.com\/en\/wp-json\/wp\/v2\/types\/post"}],"author":[{"embeddable":true,"href":"https:\/\/www.vsacomunicacion.com\/en\/wp-json\/wp\/v2\/users\/3"}],"replies":[{"embeddable":true,"href":"https:\/\/www.vsacomunicacion.com\/en\/wp-json\/wp\/v2\/comments?post=12331"}],"version-history":[{"count":0,"href":"https:\/\/www.vsacomunicacion.com\/en\/wp-json\/wp\/v2\/posts\/12331\/revisions"}],"wp:featuredmedia":[{"embeddable":true,"href":"https:\/\/www.vsacomunicacion.com\/en\/wp-json\/wp\/v2\/media\/7206"}],"wp:attachment":[{"href":"https:\/\/www.vsacomunicacion.com\/en\/wp-json\/wp\/v2\/media?parent=12331"}],"wp:term":[{"taxonomy":"category","embeddable":true,"href":"https:\/\/www.vsacomunicacion.com\/en\/wp-json\/wp\/v2\/categories?post=12331"},{"taxonomy":"post_tag","embeddable":true,"href":"https:\/\/www.vsacomunicacion.com\/en\/wp-json\/wp\/v2\/tags?post=12331"}],"curies":[{"name":"wp","href":"https:\/\/api.w.org\/{rel}","templated":true}]}}