{"id":12332,"date":"2015-10-14T09:44:03","date_gmt":"2015-10-14T09:44:03","guid":{"rendered":"https:\/\/www.vsacomunicacion.com\/urvan-con-lacoste\/"},"modified":"2015-10-14T09:44:03","modified_gmt":"2015-10-14T09:44:03","slug":"urvan-con-lacoste","status":"publish","type":"post","link":"https:\/\/www.vsacomunicacion.com\/en\/urvan-con-lacoste\/","title":{"rendered":"PYM de LACOSTE en la Plaza Bonanova de Barcelona"},"content":{"rendered":"<p style=\"text-align: justify;\">Como os adelantamos en anteriores\u00a0<a title=\"Continuamos reforzando el Circuito URVAN de Barcelona\" href=\"https:\/\/www.vsacomunicacion.com\/continuamos-reforzando-circuito-urvan-de-barcelona\/\">posts<\/a>, d\u00eda a d\u00eda, en<strong>\u00a0VSA COMUNICACION<\/strong>\u00a0continuamos trabajando para incorporar nuevos y a\u00fan m\u00e1s espectaculares emplazamientos,\u00a0rehabilitando nuevas fachadas de edificios con el fin de ampliar y mejorar nuestro circuito.<\/p>\n<p style=\"text-align: justify;\"><a style=\"text-align: center;\" href=\"https:\/\/www.vsacomunicacion.com\/wp-content\/uploads\/2015\/10\/pym-medianera-publicidad-exterior-lacoste-noche-barcelona-vsa-comunicacion.jpg\"><img fetchpriority=\"high\" decoding=\"async\" class=\"aligncenter  wp-image-1938\" title=\"pym-medianera-publicidad-exterior-lacoste-noche-barcelona-vsa-comunicacion\" alt=\"pym-medianera-publicidad-exterior-lacoste-noche-barcelona-vsa-comunicacion\" src=\"https:\/\/www.vsacomunicacion.com\/wp-content\/uploads\/2015\/10\/pym-medianera-publicidad-exterior-lacoste-noche-barcelona-vsa-comunicacion.jpg\" width=\"622\" height=\"415\" srcset=\"https:\/\/www.vsacomunicacion.com\/wp-content\/uploads\/2015\/10\/pym-medianera-publicidad-exterior-lacoste-noche-barcelona-vsa-comunicacion.jpg 2000w, https:\/\/www.vsacomunicacion.com\/wp-content\/uploads\/2015\/10\/pym-medianera-publicidad-exterior-lacoste-noche-barcelona-vsa-comunicacion-300x200.jpg 300w, https:\/\/www.vsacomunicacion.com\/wp-content\/uploads\/2015\/10\/pym-medianera-publicidad-exterior-lacoste-noche-barcelona-vsa-comunicacion-1024x684.jpg 1024w, https:\/\/www.vsacomunicacion.com\/wp-content\/uploads\/2015\/10\/pym-medianera-publicidad-exterior-lacoste-noche-barcelona-vsa-comunicacion-768x513.jpg 768w, https:\/\/www.vsacomunicacion.com\/wp-content\/uploads\/2015\/10\/pym-medianera-publicidad-exterior-lacoste-noche-barcelona-vsa-comunicacion-1536x1025.jpg 1536w\" sizes=\"(max-width: 622px) 100vw, 622px\" \/><\/a><\/p>\n<p style=\"text-align: justify;\">Nuestro espectacular emplazamiento de la zona alta de Barcelona, m\u00e1s de 40 m\u00b2 en pleno\u00a0<strong>Paseo de la Bonanova<\/strong>, ha sido el escogido para invitarnos a visitar el nuevo concepto de tienda que<strong>\u00a0<a title=\"Web LACOSTE\" href=\"http:\/\/global.lacoste.com\/es\/lacoste\" target=\"_blank\" rel=\"noopener\">LACOSTE<\/a><\/strong>\u00a0ha puesto en marcha.<\/p>\n<p style=\"text-align: justify;\"><!--more--><\/p>\n<p style=\"text-align: center;\"><a href=\"https:\/\/www.vsacomunicacion.com\/wp-content\/uploads\/2015\/10\/pym-medianera-publicidad-exterior-lacoste-dia-barcelona-vsa-comunicacion.jpg\"><img decoding=\"async\" class=\"aligncenter  wp-image-1937\" title=\"pym-medianera-publicidad-exterior-lacoste-dia-barcelona-vsa-comunicacion\" alt=\"pym-medianera-publicidad-exterior-lacoste-dia-barcelona-vsa-comunicacion\" src=\"https:\/\/www.vsacomunicacion.com\/wp-content\/uploads\/2015\/10\/pym-medianera-publicidad-exterior-lacoste-dia-barcelona-vsa-comunicacion.jpg\" width=\"605\" height=\"404\" srcset=\"https:\/\/www.vsacomunicacion.com\/wp-content\/uploads\/2015\/10\/pym-medianera-publicidad-exterior-lacoste-dia-barcelona-vsa-comunicacion.jpg 2000w, https:\/\/www.vsacomunicacion.com\/wp-content\/uploads\/2015\/10\/pym-medianera-publicidad-exterior-lacoste-dia-barcelona-vsa-comunicacion-300x200.jpg 300w, https:\/\/www.vsacomunicacion.com\/wp-content\/uploads\/2015\/10\/pym-medianera-publicidad-exterior-lacoste-dia-barcelona-vsa-comunicacion-1024x684.jpg 1024w, https:\/\/www.vsacomunicacion.com\/wp-content\/uploads\/2015\/10\/pym-medianera-publicidad-exterior-lacoste-dia-barcelona-vsa-comunicacion-768x513.jpg 768w, https:\/\/www.vsacomunicacion.com\/wp-content\/uploads\/2015\/10\/pym-medianera-publicidad-exterior-lacoste-dia-barcelona-vsa-comunicacion-1536x1025.jpg 1536w\" sizes=\"(max-width: 605px) 100vw, 605px\" \/><\/a><\/p>\n<p style=\"text-align: justify;\">Tras algunas semanas de rehabililtaci\u00f3n, se re-abri\u00f3 el pasado mes de marzo la<strong> nueva boutique LACOSTE<\/strong>, \u00a0situada en el <strong>Paseo de Gracia<\/strong>, 51.<\/p>\n<p style=\"text-align: justify;\">Un espectacular espacio de 400 m\u00b2 completamente reinventado\u00a0en el que los consumidores podr\u00e1n vivir y empaparse de la marca francesa, percibiendo siempre su sello identidad y or\u00edgenes gracias a una impecable decoraci\u00f3n en la que est\u00e1n presentes las raquetas de tenis, los clubs de golf y, por supuesto, su emblem\u00e1tico cocodrilo.<\/p>\n<p style=\"text-align: justify;\">Tambi\u00e9n destacar\u00edamos su nueva distribuci\u00f3n segmentada por l\u00edneas de producto haciendo hincapi\u00e9 en cada una de sus colecciones y los complementos como la marroquiner\u00eda, el calzado, las gafas, los relojes y los perfumes.<\/p>\n<p style=\"text-align: justify;\"><strong><em>LIVE IS A BEAUTIFUL SPORT<\/em><\/strong><\/p>\n<p>&nbsp;<\/p>\n","protected":false},"excerpt":{"rendered":"<p>Como os adelantamos en anteriores\u00a0posts, d\u00eda a d\u00eda, en\u00a0VSA COMUNICACION\u00a0continuamos trabajando para incorporar nuevos y a\u00fan m\u00e1s espectaculares emplazamientos,\u00a0rehabilitando nuevas fachadas de edificios con el fin de ampliar y mejorar nuestro circuito. Nuestro espectacular emplazamiento de la zona alta de [&hellip;]<\/p>\n","protected":false},"author":3,"featured_media":7198,"comment_status":"closed","ping_status":"closed","sticky":false,"template":"","format":"standard","meta":{"inline_featured_image":false,"footnotes":""},"categories":[1506,1593],"tags":[1704,1664,2361,2214,1585,1586,1702,1671],"class_list":["post-12332","post","type-post","status-publish","format-standard","has-post-thumbnail","hentry","category-barcelona-en","category-pyms-en","tag-alto-prestigio-publicitario-en","tag-campana-publicitaria-en","tag-lacoste-en","tag-premium-en","tag-publicidad-exterior-en","tag-publicidad-urbana-en","tag-pyms-barcelona-en","tag-trafico-rodado-en"],"_links":{"self":[{"href":"https:\/\/www.vsacomunicacion.com\/en\/wp-json\/wp\/v2\/posts\/12332"}],"collection":[{"href":"https:\/\/www.vsacomunicacion.com\/en\/wp-json\/wp\/v2\/posts"}],"about":[{"href":"https:\/\/www.vsacomunicacion.com\/en\/wp-json\/wp\/v2\/types\/post"}],"author":[{"embeddable":true,"href":"https:\/\/www.vsacomunicacion.com\/en\/wp-json\/wp\/v2\/users\/3"}],"replies":[{"embeddable":true,"href":"https:\/\/www.vsacomunicacion.com\/en\/wp-json\/wp\/v2\/comments?post=12332"}],"version-history":[{"count":0,"href":"https:\/\/www.vsacomunicacion.com\/en\/wp-json\/wp\/v2\/posts\/12332\/revisions"}],"wp:featuredmedia":[{"embeddable":true,"href":"https:\/\/www.vsacomunicacion.com\/en\/wp-json\/wp\/v2\/media\/7198"}],"wp:attachment":[{"href":"https:\/\/www.vsacomunicacion.com\/en\/wp-json\/wp\/v2\/media?parent=12332"}],"wp:term":[{"taxonomy":"category","embeddable":true,"href":"https:\/\/www.vsacomunicacion.com\/en\/wp-json\/wp\/v2\/categories?post=12332"},{"taxonomy":"post_tag","embeddable":true,"href":"https:\/\/www.vsacomunicacion.com\/en\/wp-json\/wp\/v2\/tags?post=12332"}],"curies":[{"name":"wp","href":"https:\/\/api.w.org\/{rel}","templated":true}]}}