{"id":12340,"date":"2015-10-05T16:32:45","date_gmt":"2015-10-05T16:32:45","guid":{"rendered":"https:\/\/www.vsacomunicacion.com\/lona-publicitaria-audi-r8\/"},"modified":"2015-10-05T16:32:45","modified_gmt":"2015-10-05T16:32:45","slug":"lona-publicitaria-audi-r8","status":"publish","type":"post","link":"https:\/\/www.vsacomunicacion.com\/en\/lona-publicitaria-audi-r8\/","title":{"rendered":"Lona Publicitaria AUDI R8"},"content":{"rendered":"<p style=\"text-align: justify;\">El pasado mes de junio os inform\u00e1bamos desde la web de\u00a0<strong>VSA COMUNICACION<\/strong>\u00a0de la incorporaci\u00f3n de un nuevo emplazamiento publicitario en la <strong>Plaza Francesc Maci\u00e0\u00a0<\/strong>de <strong>Barcelona.\u00a0<\/strong><\/p>\n<p style=\"text-align: justify;\">Hoy s\u00f3lo diremos al respecto que&#8230; Una imagen vale m\u00e1s que mil palabras.<\/p>\n<p style=\"text-align: center;\"><a href=\"https:\/\/www.vsacomunicacion.com\/wp-content\/uploads\/2015\/10\/lona-publicitaria-barcelona-plaza-francesc-macia-10-audi-r8-vsa-comunicacion.jpg\"><img fetchpriority=\"high\" decoding=\"async\" class=\"aligncenter  wp-image-2022\" title=\"lona-publicitaria-barcelona-plaza-francesc-macia-10-audi-r8-vsa-comunicacion\" alt=\"lona-publicitaria-barcelona-plaza-francesc-macia-10-audi-r8-vsa-comunicacion\" src=\"https:\/\/www.vsacomunicacion.com\/wp-content\/uploads\/2015\/10\/lona-publicitaria-barcelona-plaza-francesc-macia-10-audi-r8-vsa-comunicacion.jpg\" width=\"609\" height=\"341\" srcset=\"https:\/\/www.vsacomunicacion.com\/wp-content\/uploads\/2015\/10\/lona-publicitaria-barcelona-plaza-francesc-macia-10-audi-r8-vsa-comunicacion.jpg 1880w, https:\/\/www.vsacomunicacion.com\/wp-content\/uploads\/2015\/10\/lona-publicitaria-barcelona-plaza-francesc-macia-10-audi-r8-vsa-comunicacion-300x168.jpg 300w, https:\/\/www.vsacomunicacion.com\/wp-content\/uploads\/2015\/10\/lona-publicitaria-barcelona-plaza-francesc-macia-10-audi-r8-vsa-comunicacion-1024x574.jpg 1024w, https:\/\/www.vsacomunicacion.com\/wp-content\/uploads\/2015\/10\/lona-publicitaria-barcelona-plaza-francesc-macia-10-audi-r8-vsa-comunicacion-768x430.jpg 768w, https:\/\/www.vsacomunicacion.com\/wp-content\/uploads\/2015\/10\/lona-publicitaria-barcelona-plaza-francesc-macia-10-audi-r8-vsa-comunicacion-1536x860.jpg 1536w\" sizes=\"(max-width: 609px) 100vw, 609px\" \/><\/a><\/p>\n<p style=\"text-align: justify;\">No hay mejor forma de mostraros la excelencia de este emplazamiento que con esta incre\u00edble y espectacular lona publicitaria del fant\u00e1stico\u00a0<strong>AUDI R8<\/strong>!!<\/p>\n<p style=\"text-align: justify;\"><!--more--><\/p>\n<p style=\"text-align: justify;\"><strong>AUDI R8<\/strong> es la perfecta fusi\u00f3n de tecnolog\u00eda de la alta competici\u00f3n automovil\u00edstica con la de serie.<\/p>\n<p style=\"text-align: justify;\">Su precisi\u00f3n t\u00e9cnica y prestaciones se ven exigidas hasta los l\u00edmites de lo factible. Con el nuevo <strong>AUDI R8<\/strong>, los \u00a0ingenieros de desarrollo y dise\u00f1adores del fabricante alem\u00e1n han creado un autom\u00f3vil que encarna la perfecci\u00f3n automovil\u00edstica y el dise\u00f1o extraordinario en todos los aspectos.<\/p>\n<p style=\"text-align: justify;\">Una deportividad impresionante se basa no solo en la fuerza, sino tambi\u00e9n en la eficiencia. De ah\u00ed que se haya dotado al<strong> AUDI R8<\/strong> de un gran n\u00famero de tecnolog\u00edas avanzadas.<\/p>\n<p style=\"text-align: justify;\"><em><strong>AUDI R8:<\/strong>\u00a0El talento para convertir en \u00fanico cada segundo.<\/em><\/p>\n","protected":false},"excerpt":{"rendered":"<p>El pasado mes de junio os inform\u00e1bamos desde la web de\u00a0VSA COMUNICACION\u00a0de la incorporaci\u00f3n de un nuevo emplazamiento publicitario en la Plaza Francesc Maci\u00e0\u00a0de Barcelona.\u00a0 Hoy s\u00f3lo diremos al respecto que&#8230; Una imagen vale m\u00e1s que mil palabras. No hay [&hellip;]<\/p>\n","protected":false},"author":3,"featured_media":7205,"comment_status":"closed","ping_status":"closed","sticky":false,"template":"","format":"standard","meta":{"inline_featured_image":false,"footnotes":""},"categories":[1506,1488],"tags":[1704,1699,2389,1664,1706,1708,1694,1581,1585,1599],"class_list":["post-12340","post","type-post","status-publish","format-standard","has-post-thumbnail","hentry","category-barcelona-en","category-lonas-publicitarias-en","tag-alto-prestigio-publicitario-en","tag-audi-en","tag-audi-r8-en","tag-campana-publicitaria-en","tag-emplazamiento-premium-en","tag-formato-espectacular-en","tag-gran-notoriedad-en","tag-lonas-publicitarias-barcelona-en","tag-publicidad-exterior-en","tag-publicidad-gran-formato-en"],"_links":{"self":[{"href":"https:\/\/www.vsacomunicacion.com\/en\/wp-json\/wp\/v2\/posts\/12340"}],"collection":[{"href":"https:\/\/www.vsacomunicacion.com\/en\/wp-json\/wp\/v2\/posts"}],"about":[{"href":"https:\/\/www.vsacomunicacion.com\/en\/wp-json\/wp\/v2\/types\/post"}],"author":[{"embeddable":true,"href":"https:\/\/www.vsacomunicacion.com\/en\/wp-json\/wp\/v2\/users\/3"}],"replies":[{"embeddable":true,"href":"https:\/\/www.vsacomunicacion.com\/en\/wp-json\/wp\/v2\/comments?post=12340"}],"version-history":[{"count":0,"href":"https:\/\/www.vsacomunicacion.com\/en\/wp-json\/wp\/v2\/posts\/12340\/revisions"}],"wp:featuredmedia":[{"embeddable":true,"href":"https:\/\/www.vsacomunicacion.com\/en\/wp-json\/wp\/v2\/media\/7205"}],"wp:attachment":[{"href":"https:\/\/www.vsacomunicacion.com\/en\/wp-json\/wp\/v2\/media?parent=12340"}],"wp:term":[{"taxonomy":"category","embeddable":true,"href":"https:\/\/www.vsacomunicacion.com\/en\/wp-json\/wp\/v2\/categories?post=12340"},{"taxonomy":"post_tag","embeddable":true,"href":"https:\/\/www.vsacomunicacion.com\/en\/wp-json\/wp\/v2\/tags?post=12340"}],"curies":[{"name":"wp","href":"https:\/\/api.w.org\/{rel}","templated":true}]}}