{"id":12341,"date":"2015-10-02T02:28:44","date_gmt":"2015-10-02T02:28:44","guid":{"rendered":"https:\/\/www.vsacomunicacion.com\/pyms-de-bauhaus-en-valencia\/"},"modified":"2015-10-02T02:28:44","modified_gmt":"2015-10-02T02:28:44","slug":"pyms-de-bauhaus-en-valencia","status":"publish","type":"post","link":"https:\/\/www.vsacomunicacion.com\/en\/pyms-de-bauhaus-en-valencia\/","title":{"rendered":"PYM\u2019s de BAUHAUS en Valencia"},"content":{"rendered":"<p style=\"text-align: justify;\"><strong>BAUHAUS<\/strong> ha seguido confiando en las <a title=\"PYM's VSA COMUNICACION\" href=\"https:\/\/www.vsacomunicacion.com\/es\/productos-pyms\"><strong>PYM&#8217;s<\/strong><\/a> en <strong>Valencia<\/strong> de <strong>VSA COMUNICACION<\/strong> para informarnos de la cercan\u00eda de su <a title=\"Tienda BAUHAUS\" href=\"http:\/\/www.bauhaus.es\/es\/nuestros-centros\" target=\"_blank\" rel=\"noopener\">nueva tienda en Paterna<\/a>, como ya hizo en su d\u00eda con nuestro emplazamiento en la<a title=\"BAUHAUS tambi\u00e9n presente en nuestras PYM\u2019s de Valencia\" href=\"https:\/\/www.vsacomunicacion.com\/bauhaus-tambien-presente-en-nuestras-pyms-de-valencia\/\"> Avenida Cardenal Benlloch<\/a>.<\/p>\n<p style=\"text-align: center;\"><a href=\"https:\/\/www.vsacomunicacion.com\/wp-content\/uploads\/2015\/10\/pym-medianera-publicidad-exterior-bauhaus-constitucion-cerca-valencia-vsa-comunicacion.jpg\" rel=\"attachment wp-att-2556\"><img fetchpriority=\"high\" decoding=\"async\" class=\"aligncenter size-full wp-image-2556\" src=\"https:\/\/www.vsacomunicacion.com\/wp-content\/uploads\/2015\/10\/pym-medianera-publicidad-exterior-bauhaus-constitucion-cerca-valencia-vsa-comunicacion.jpg\" alt=\"pym-medianera-publicidad-exterior-bauhaus-constitucion-cerca-valencia-vsa-comunicacion\" width=\"3143\" height=\"2095\" \/><\/a><\/p>\n<p style=\"text-align: justify;\">En este caso, el emplazamiento se encuentra ubicado en la Avenida Constituci\u00f3n de Valencia, N-340, recogiendo todo el tr\u00e1fico de las poblaciones del \u00e1rea metropolitana del Norte de Valencia.<\/p>\n<p style=\"text-align: justify;\">Como se puede apreciar, es de gran visibilidad a larga distancia.<\/p>\n<p><!--more--><\/p>\n<p style=\"text-align: justify;\">En el centro<strong> BAUHAUS<\/strong> de Paterna dispones de todas las secciones que puedas necesitar:<\/p>\n<p style=\"text-align: justify;\">&#8211; MUNDIBA\u00d1O: Encontrar\u00e1s la gama m\u00e1s amplia de productos para la reforma de tu ba\u00f1o o cocina. Productos de la mayor calidad y al mejor precio, con el asesoramiento profesional de todo su equipo.<\/p>\n<p style=\"text-align: justify;\">&#8211; DRIVE-IN: Espacio especializado en materiales y herramientas de construcci\u00f3n pensado para aquellos clientes que necesitan hacer compras por volumen. Entras con el veh\u00edculo en la secci\u00f3n DRIVE-IN, eliges la mercanc\u00eda que necesitas, los cargas en el coche y pasas por caja sin necesidad de descargar.<\/p>\n<p style=\"text-align: justify;\">&#8211; CITYGARDEN:\u00a0\u00a0Cuentan con m\u00e1s de 15.000 productos para el cuidado y la decoraci\u00f3n del jard\u00edn con los mejores precios.<\/p>\n<p style=\"text-align: justify;\">&#8211; NAUTIC: Secci\u00f3n especializada en productos de alta calidad relacionados con las embarcaciones y los deportes acu\u00e1ticos, permanentemente actualizada con las \u00faltimas novedades dentro del mundo de la n\u00e1utica.<\/p>\n<p style=\"text-align: justify;\"><em><strong>BAUHAUS:<\/strong>\u00a0EL ESPECIALISTA PARA TU CASA, TALLER Y JARDIN<\/em><\/p>\n","protected":false},"excerpt":{"rendered":"<p>BAUHAUS ha seguido confiando en las PYM&#8217;s en Valencia de VSA COMUNICACION para informarnos de la cercan\u00eda de su nueva tienda en Paterna, como ya hizo en su d\u00eda con nuestro emplazamiento en la Avenida Cardenal Benlloch. En este caso, [&hellip;]<\/p>\n","protected":false},"author":3,"featured_media":7246,"comment_status":"closed","ping_status":"closed","sticky":false,"template":"","format":"standard","meta":{"inline_featured_image":false,"footnotes":""},"categories":[1593,1640],"tags":[2373,1664,1585,1586,1934,1687,1671],"class_list":["post-12341","post","type-post","status-publish","format-standard","has-post-thumbnail","hentry","category-pyms-en","category-valencia-en","tag-bauhaus-en","tag-campana-publicitaria-en","tag-publicidad-exterior-en","tag-publicidad-urbana-en","tag-pyms-valencia-en","tag-soporte-publicitario-en","tag-trafico-rodado-en"],"_links":{"self":[{"href":"https:\/\/www.vsacomunicacion.com\/en\/wp-json\/wp\/v2\/posts\/12341"}],"collection":[{"href":"https:\/\/www.vsacomunicacion.com\/en\/wp-json\/wp\/v2\/posts"}],"about":[{"href":"https:\/\/www.vsacomunicacion.com\/en\/wp-json\/wp\/v2\/types\/post"}],"author":[{"embeddable":true,"href":"https:\/\/www.vsacomunicacion.com\/en\/wp-json\/wp\/v2\/users\/3"}],"replies":[{"embeddable":true,"href":"https:\/\/www.vsacomunicacion.com\/en\/wp-json\/wp\/v2\/comments?post=12341"}],"version-history":[{"count":0,"href":"https:\/\/www.vsacomunicacion.com\/en\/wp-json\/wp\/v2\/posts\/12341\/revisions"}],"wp:featuredmedia":[{"embeddable":true,"href":"https:\/\/www.vsacomunicacion.com\/en\/wp-json\/wp\/v2\/media\/7246"}],"wp:attachment":[{"href":"https:\/\/www.vsacomunicacion.com\/en\/wp-json\/wp\/v2\/media?parent=12341"}],"wp:term":[{"taxonomy":"category","embeddable":true,"href":"https:\/\/www.vsacomunicacion.com\/en\/wp-json\/wp\/v2\/categories?post=12341"},{"taxonomy":"post_tag","embeddable":true,"href":"https:\/\/www.vsacomunicacion.com\/en\/wp-json\/wp\/v2\/tags?post=12341"}],"curies":[{"name":"wp","href":"https:\/\/api.w.org\/{rel}","templated":true}]}}