{"id":12342,"date":"2015-10-01T11:45:55","date_gmt":"2015-10-01T11:45:55","guid":{"rendered":"https:\/\/www.vsacomunicacion.com\/nuevo-emplazamiento-para-lonas-publicitarias-en-plaza-cataluna\/"},"modified":"2015-10-01T11:45:55","modified_gmt":"2015-10-01T11:45:55","slug":"nuevo-emplazamiento-para-lonas-publicitarias-en-plaza-cataluna","status":"publish","type":"post","link":"https:\/\/www.vsacomunicacion.com\/en\/nuevo-emplazamiento-para-lonas-publicitarias-en-plaza-cataluna\/","title":{"rendered":"Nuevo Emplazamiento para Lonas Publicitarias en la calle Pelayo &#8211; Balmes"},"content":{"rendered":"<p style=\"text-align: justify;\"><a href=\"https:\/\/www.vsacomunicacion.com\/wp-content\/uploads\/2015\/10\/lona-publicitaria-barcelona-pelayo-lateral-faldon-azul-vsa-comunicacion.jpg\"><br \/>\n<\/a>En<strong> VSA COMUNICACION<\/strong>\u00a0nos alegra informaros de la reciente incorporaci\u00f3n de un nuevo emplazamiento en la calle<b> Pelayo, 40\u00a0<\/b>de <strong>Barcelona<\/strong>.<\/p>\n<p style=\"text-align: center;\"><a href=\"https:\/\/www.vsacomunicacion.com\/wp-content\/uploads\/2015\/10\/lona-publicitaria-barcelona-pelayo-frontal-faldon-azul-vsa-comunicacion.jpg\"><img fetchpriority=\"high\" decoding=\"async\" class=\"aligncenter  wp-image-1997\" title=\"lona-publicitaria-barcelona-pelayo-frontal-faldon-azul-vsa-comunicacion\" alt=\"lona-publicitaria-barcelona-pelayo-frontal-faldon-azul-vsa-comunicacion\" src=\"https:\/\/www.vsacomunicacion.com\/wp-content\/uploads\/2015\/10\/lona-publicitaria-barcelona-pelayo-frontal-faldon-azul-vsa-comunicacion.jpg\" width=\"613\" height=\"409\" srcset=\"https:\/\/www.vsacomunicacion.com\/wp-content\/uploads\/2015\/10\/lona-publicitaria-barcelona-pelayo-frontal-faldon-azul-vsa-comunicacion.jpg 2000w, https:\/\/www.vsacomunicacion.com\/wp-content\/uploads\/2015\/10\/lona-publicitaria-barcelona-pelayo-frontal-faldon-azul-vsa-comunicacion-300x200.jpg 300w, https:\/\/www.vsacomunicacion.com\/wp-content\/uploads\/2015\/10\/lona-publicitaria-barcelona-pelayo-frontal-faldon-azul-vsa-comunicacion-1024x684.jpg 1024w, https:\/\/www.vsacomunicacion.com\/wp-content\/uploads\/2015\/10\/lona-publicitaria-barcelona-pelayo-frontal-faldon-azul-vsa-comunicacion-768x513.jpg 768w, https:\/\/www.vsacomunicacion.com\/wp-content\/uploads\/2015\/10\/lona-publicitaria-barcelona-pelayo-frontal-faldon-azul-vsa-comunicacion-1536x1025.jpg 1536w\" sizes=\"(max-width: 613px) 100vw, 613px\" \/><\/a><\/p>\n<p style=\"text-align: justify;\">Visible a larga distancia desde la calle Balmes, la v\u00eda m\u00e1s importante que une la parte alta de la ciudad con el centro, en una zona altamente comercial y tur\u00edstica (tiendas de calle Pelayo, Centro Comercial Sfera, El Triangle, El Corte Ingl\u00e9s de Plaza Catalu\u00f1a y Ramblas, etc.)<\/p>\n<p style=\"text-align: justify;\"><!--more--><\/p>\n<p style=\"text-align: center;\"><a href=\"https:\/\/www.vsacomunicacion.com\/wp-content\/uploads\/2015\/10\/lona-publicitaria-barcelona-pelayo-lateral-faldon-vsa-comunicacion.jpg\"><img decoding=\"async\" class=\"aligncenter  wp-image-2003\" title=\"lona-publicitaria-barcelona-pelayo-lateral-faldon-azul-vsa-comunicacion\" alt=\"lona-publicitaria-barcelona-pelayo-lateral-faldon-azul-vsa-comunicacion\" src=\"https:\/\/www.vsacomunicacion.com\/wp-content\/uploads\/2015\/10\/lona-publicitaria-barcelona-pelayo-lateral-faldon-vsa-comunicacion.jpg\" width=\"622\" height=\"416\" srcset=\"https:\/\/www.vsacomunicacion.com\/wp-content\/uploads\/2015\/10\/lona-publicitaria-barcelona-pelayo-lateral-faldon-vsa-comunicacion.jpg 2000w, https:\/\/www.vsacomunicacion.com\/wp-content\/uploads\/2015\/10\/lona-publicitaria-barcelona-pelayo-lateral-faldon-vsa-comunicacion-300x200.jpg 300w, https:\/\/www.vsacomunicacion.com\/wp-content\/uploads\/2015\/10\/lona-publicitaria-barcelona-pelayo-lateral-faldon-vsa-comunicacion-1024x684.jpg 1024w, https:\/\/www.vsacomunicacion.com\/wp-content\/uploads\/2015\/10\/lona-publicitaria-barcelona-pelayo-lateral-faldon-vsa-comunicacion-768x513.jpg 768w, https:\/\/www.vsacomunicacion.com\/wp-content\/uploads\/2015\/10\/lona-publicitaria-barcelona-pelayo-lateral-faldon-vsa-comunicacion-1536x1025.jpg 1536w\" sizes=\"(max-width: 622px) 100vw, 622px\" \/><\/a><\/p>\n<p style=\"text-align: justify;\">Este espectacular emplazamiento de m\u00e1s de 400m\u00b2 est\u00e1 situado en una de las calles m\u00e1s comerciales y c\u00e9ntricas de Barcelona, junto a la Plaza Catalu\u00f1a.<\/p>\n<p style=\"text-align: justify;\">Su privilegiada ubicaci\u00f3n lo convierten en un <strong>emplazamiento PREMIUM<\/strong> de gran prestigio publicitario y notoriedad.<\/p>\n","protected":false},"excerpt":{"rendered":"<p>En VSA COMUNICACION\u00a0nos alegra informaros de la reciente incorporaci\u00f3n de un nuevo emplazamiento en la calle Pelayo, 40\u00a0de Barcelona. Visible a larga distancia desde la calle Balmes, la v\u00eda m\u00e1s importante que une la parte alta de la ciudad con [&hellip;]<\/p>\n","protected":false},"author":3,"featured_media":7203,"comment_status":"closed","ping_status":"closed","sticky":false,"template":"","format":"standard","meta":{"inline_featured_image":false,"footnotes":""},"categories":[1506,1488],"tags":[1704,1705,1706,1701,1694,1581,1585],"class_list":["post-12342","post","type-post","status-publish","format-standard","has-post-thumbnail","hentry","category-barcelona-en","category-lonas-publicitarias-en","tag-alto-prestigio-publicitario-en","tag-centro-ciudad-en","tag-emplazamiento-premium-en","tag-espectacular-en","tag-gran-notoriedad-en","tag-lonas-publicitarias-barcelona-en","tag-publicidad-exterior-en"],"_links":{"self":[{"href":"https:\/\/www.vsacomunicacion.com\/en\/wp-json\/wp\/v2\/posts\/12342"}],"collection":[{"href":"https:\/\/www.vsacomunicacion.com\/en\/wp-json\/wp\/v2\/posts"}],"about":[{"href":"https:\/\/www.vsacomunicacion.com\/en\/wp-json\/wp\/v2\/types\/post"}],"author":[{"embeddable":true,"href":"https:\/\/www.vsacomunicacion.com\/en\/wp-json\/wp\/v2\/users\/3"}],"replies":[{"embeddable":true,"href":"https:\/\/www.vsacomunicacion.com\/en\/wp-json\/wp\/v2\/comments?post=12342"}],"version-history":[{"count":0,"href":"https:\/\/www.vsacomunicacion.com\/en\/wp-json\/wp\/v2\/posts\/12342\/revisions"}],"wp:featuredmedia":[{"embeddable":true,"href":"https:\/\/www.vsacomunicacion.com\/en\/wp-json\/wp\/v2\/media\/7203"}],"wp:attachment":[{"href":"https:\/\/www.vsacomunicacion.com\/en\/wp-json\/wp\/v2\/media?parent=12342"}],"wp:term":[{"taxonomy":"category","embeddable":true,"href":"https:\/\/www.vsacomunicacion.com\/en\/wp-json\/wp\/v2\/categories?post=12342"},{"taxonomy":"post_tag","embeddable":true,"href":"https:\/\/www.vsacomunicacion.com\/en\/wp-json\/wp\/v2\/tags?post=12342"}],"curies":[{"name":"wp","href":"https:\/\/api.w.org\/{rel}","templated":true}]}}