{"id":12343,"date":"2015-09-12T15:58:31","date_gmt":"2015-09-12T15:58:31","guid":{"rendered":"https:\/\/www.vsacomunicacion.com\/junts-pel-si-en-urvan-barcelona\/"},"modified":"2015-09-12T15:58:31","modified_gmt":"2015-09-12T15:58:31","slug":"junts-pel-si-en-urvan-barcelona","status":"publish","type":"post","link":"https:\/\/www.vsacomunicacion.com\/en\/junts-pel-si-en-urvan-barcelona\/","title":{"rendered":"La PYM de JUNTS PEL SI en la Avenida Meridiana"},"content":{"rendered":"<p style=\"text-align: justify;\">El\u00a0<strong>Circuito de PYM&#8217;S en\u00a0Barcelona<\/strong>\u00a0de\u00a0<strong>VSA COMUNICACION<\/strong>\u00a0est\u00e1 formado por emplazamientos de formato espectacular en los puntos m\u00e1s c\u00e9ntricos de la ciudad consiguiendo as\u00ed la m\u00e1xima cobertura.<\/p>\n<p style=\"text-align: center;\"><a href=\"https:\/\/www.vsacomunicacion.com\/wp-content\/uploads\/2015\/10\/pym-medianera-publicidad-exterior-junts-pel-si-barcelona-vsa-comunicacion.jpg\"><img fetchpriority=\"high\" decoding=\"async\" class=\"aligncenter  wp-image-1925\" title=\"pym-medianera-publicidad-exterior-junts-pel-si-barcelona-vsa-comunicacion\" alt=\"pym-medianera-publicidad-exterior-junts-pel-si-barcelona-vsa-comunicacion\" src=\"https:\/\/www.vsacomunicacion.com\/wp-content\/uploads\/2015\/10\/pym-medianera-publicidad-exterior-junts-pel-si-barcelona-vsa-comunicacion.jpg\" width=\"621\" height=\"376\" srcset=\"https:\/\/www.vsacomunicacion.com\/wp-content\/uploads\/2015\/10\/pym-medianera-publicidad-exterior-junts-pel-si-barcelona-vsa-comunicacion.jpg 2464w, https:\/\/www.vsacomunicacion.com\/wp-content\/uploads\/2015\/10\/pym-medianera-publicidad-exterior-junts-pel-si-barcelona-vsa-comunicacion-300x182.jpg 300w, https:\/\/www.vsacomunicacion.com\/wp-content\/uploads\/2015\/10\/pym-medianera-publicidad-exterior-junts-pel-si-barcelona-vsa-comunicacion-1024x621.jpg 1024w, https:\/\/www.vsacomunicacion.com\/wp-content\/uploads\/2015\/10\/pym-medianera-publicidad-exterior-junts-pel-si-barcelona-vsa-comunicacion-768x466.jpg 768w, https:\/\/www.vsacomunicacion.com\/wp-content\/uploads\/2015\/10\/pym-medianera-publicidad-exterior-junts-pel-si-barcelona-vsa-comunicacion-1536x931.jpg 1536w\" sizes=\"(max-width: 621px) 100vw, 621px\" \/><\/a><\/p>\n<p style=\"text-align: justify;\"><a title=\"Web JUNTS PEL SI\" href=\"https:\/\/juntspelsi.cat\/#\" target=\"_blank\" rel=\"noopener\"><b>JUNTS PEL<\/b> <strong>SI<\/strong><\/a>,<b>\u00a0<\/b>candidatura encabezada por Ra\u00fcl Romeva, estuvo tambi\u00e9n presente en la mobilizaci\u00f3n de la <a title=\"Via Lliure\" href=\"https:\/\/via.assemblea.cat\/cat\/\" target=\"_blank\" rel=\"noopener\">&#8220;Via Lliure&#8221;<\/a> llenando la Meridiana el 11 de septiembre, d\u00eda en que coincid\u00edan la Diada Nacional de Catalu\u00f1a y el inicio de campa\u00f1a de las elecciones auton\u00f3micas,\u00a0a trav\u00e9s de nuestro emplazamiento ubicado en la <strong>Avenida Meridiana<\/strong> de <strong>Barcelona<\/strong>.<\/p>\n","protected":false},"excerpt":{"rendered":"<p>El\u00a0Circuito de PYM&#8217;S en\u00a0Barcelona\u00a0de\u00a0VSA COMUNICACION\u00a0est\u00e1 formado por emplazamientos de formato espectacular en los puntos m\u00e1s c\u00e9ntricos de la ciudad consiguiendo as\u00ed la m\u00e1xima cobertura. JUNTS PEL SI,\u00a0candidatura encabezada por Ra\u00fcl Romeva, estuvo tambi\u00e9n presente en la mobilizaci\u00f3n de la &#8220;Via [&hellip;]<\/p>\n","protected":false},"author":3,"featured_media":7197,"comment_status":"closed","ping_status":"closed","sticky":false,"template":"","format":"standard","meta":{"inline_featured_image":false,"footnotes":""},"categories":[1506,1593],"tags":[1664,1705,1694,2390,1585,1702],"class_list":["post-12343","post","type-post","status-publish","format-standard","has-post-thumbnail","hentry","category-barcelona-en","category-pyms-en","tag-campana-publicitaria-en","tag-centro-ciudad-en","tag-gran-notoriedad-en","tag-junts-pel-si-en","tag-publicidad-exterior-en","tag-pyms-barcelona-en"],"_links":{"self":[{"href":"https:\/\/www.vsacomunicacion.com\/en\/wp-json\/wp\/v2\/posts\/12343"}],"collection":[{"href":"https:\/\/www.vsacomunicacion.com\/en\/wp-json\/wp\/v2\/posts"}],"about":[{"href":"https:\/\/www.vsacomunicacion.com\/en\/wp-json\/wp\/v2\/types\/post"}],"author":[{"embeddable":true,"href":"https:\/\/www.vsacomunicacion.com\/en\/wp-json\/wp\/v2\/users\/3"}],"replies":[{"embeddable":true,"href":"https:\/\/www.vsacomunicacion.com\/en\/wp-json\/wp\/v2\/comments?post=12343"}],"version-history":[{"count":0,"href":"https:\/\/www.vsacomunicacion.com\/en\/wp-json\/wp\/v2\/posts\/12343\/revisions"}],"wp:featuredmedia":[{"embeddable":true,"href":"https:\/\/www.vsacomunicacion.com\/en\/wp-json\/wp\/v2\/media\/7197"}],"wp:attachment":[{"href":"https:\/\/www.vsacomunicacion.com\/en\/wp-json\/wp\/v2\/media?parent=12343"}],"wp:term":[{"taxonomy":"category","embeddable":true,"href":"https:\/\/www.vsacomunicacion.com\/en\/wp-json\/wp\/v2\/categories?post=12343"},{"taxonomy":"post_tag","embeddable":true,"href":"https:\/\/www.vsacomunicacion.com\/en\/wp-json\/wp\/v2\/tags?post=12343"}],"curies":[{"name":"wp","href":"https:\/\/api.w.org\/{rel}","templated":true}]}}