{"id":12346,"date":"2015-09-02T23:13:57","date_gmt":"2015-09-02T23:13:57","guid":{"rendered":"https:\/\/www.vsacomunicacion.com\/urvan-malaga-con-seagrams\/"},"modified":"2015-09-02T23:13:57","modified_gmt":"2015-09-02T23:13:57","slug":"urvan-malaga-con-seagrams","status":"publish","type":"post","link":"https:\/\/www.vsacomunicacion.com\/en\/urvan-malaga-con-seagrams\/","title":{"rendered":"URVAN M\u00e1laga con SEAGRAM&#8217;S"},"content":{"rendered":"<p style=\"text-align: justify;\"><span style=\"text-align: justify;\">Estas \u00faltimas semanas hemos podido ver a <strong>SEAGRAM&#8217;S,<\/strong>\u00a0a trav\u00e9s de nuestros Circuitos de <strong>PYM&#8217;s<\/strong> y de <strong>UR<span style=\"color: #ff0000;\">VA<\/span>N<\/strong>, patrocinando diferentes eventos celebrados en las ciudades de <a title=\"URVAN BARCELONA con SEAGRAM\u2019S y el XIX JAZZ FESTIVAL DE VALENCIA\" href=\"https:\/\/www.vsacomunicacion.com\/urvan-barcelona-con-seagrams-y-el-xix-jazz-festival-de-valencia\/\">Barcelona <\/a>y <a title=\"Pym\u2019s de SEAGRAM\u2019S y el XIX JAZZ FESTIVAL DE VALENCIA\" href=\"https:\/\/www.vsacomunicacion.com\/pyms-de-seagrams-y-el-xix-jazz-festival-de-valencia\/\">Valencia<\/a>.<\/span><\/p>\n<p style=\"text-align: justify;\"><a href=\"https:\/\/www.vsacomunicacion.com\/wp-content\/uploads\/2015\/10\/pym-medianera-publicidad-exterior-seagram-malaga-vsa-comunicacion.jpg\"><img fetchpriority=\"high\" decoding=\"async\" class=\"aligncenter wp-image-1953\" src=\"https:\/\/www.vsacomunicacion.com\/wp-content\/uploads\/2015\/10\/pym-medianera-publicidad-exterior-seagram-malaga-vsa-comunicacion.jpg\" alt=\"pym-medianera-publicidad-exterior-seagram-malaga-vsa-comunicacion\" width=\"620\" height=\"415\" srcset=\"https:\/\/www.vsacomunicacion.com\/wp-content\/uploads\/2015\/10\/pym-medianera-publicidad-exterior-seagram-malaga-vsa-comunicacion.jpg 1076w, https:\/\/www.vsacomunicacion.com\/wp-content\/uploads\/2015\/10\/pym-medianera-publicidad-exterior-seagram-malaga-vsa-comunicacion-300x201.jpg 300w, https:\/\/www.vsacomunicacion.com\/wp-content\/uploads\/2015\/10\/pym-medianera-publicidad-exterior-seagram-malaga-vsa-comunicacion-1024x686.jpg 1024w, https:\/\/www.vsacomunicacion.com\/wp-content\/uploads\/2015\/10\/pym-medianera-publicidad-exterior-seagram-malaga-vsa-comunicacion-768x515.jpg 768w\" sizes=\"(max-width: 620px) 100vw, 620px\" \/><\/a><\/p>\n<p style=\"text-align: justify;\">Ahora es el turno de estar presente en la ciudad malague\u00f1a a trav\u00e9s del espectacular\u00a0<strong>Circuito UR<span style=\"color: #ff0000;\">VA<\/span>N<\/strong>\u00a0en\u00a0<strong>M\u00e1laga<\/strong>\u00a0de<strong>\u00a0VSA COMUNICACION<\/strong>.<\/p>\n<p style=\"text-align: justify;\"><!--more--><\/p>\n<p style=\"text-align: justify;\">Destilada desde 1857 en Lawrenceburg (Indiana, USA) <strong>SEAGRAM&#8217;s GIN<\/strong> ha llegado a convertirse en una de las ginebras m\u00e1s conocidas del mundo.<\/p>\n<p style=\"text-align: justify;\">Combinando a la perfecci\u00f3n las plantas m\u00e1s finas con los alcoholes m\u00e1s neutros en un proceso de doble destilaci\u00f3n que mantiene la pureza de los sabores de las plantas. Ingredientes de varias partes del mundo, seleccionados seg\u00fan unos rigurosos niveles de calidad por sus maestros destiladores, consiguen conferir a la ginebra su especial sabor.<\/p>\n<p style=\"text-align: justify;\">Ginebra limpia con ligero color a oro. Muy seca, con un suave aroma y sabor herb\u00e1ceo, que a\u00fan manteniendo su cl\u00e1sico golpe de enebro, nos permite diferenciar de manera suave ex\u00f3ticos aromas en su composici\u00f3n.<\/p>\n<p style=\"text-align: justify;\">De ah\u00ed que sea llamada <strong>THE PERFECT GIN<\/strong><\/p>\n<p><em>Fuente:\u00a0http:\/\/www.seagramsgin.es\/#\/originality.html<\/em><\/p>\n","protected":false},"excerpt":{"rendered":"<p>Estas \u00faltimas semanas hemos podido ver a SEAGRAM&#8217;S,\u00a0a trav\u00e9s de nuestros Circuitos de PYM&#8217;s y de URVAN, patrocinando diferentes eventos celebrados en las ciudades de Barcelona y Valencia. Ahora es el turno de estar presente en la ciudad malague\u00f1a a [&hellip;]<\/p>\n","protected":false},"author":3,"featured_media":7200,"comment_status":"closed","ping_status":"closed","sticky":false,"template":"","format":"standard","meta":{"inline_featured_image":false,"footnotes":""},"categories":[1813,2069],"tags":[1664,1705,1694,1585,1586,1836,2391],"class_list":["post-12346","post","type-post","status-publish","format-standard","has-post-thumbnail","hentry","category-malaga-en","category-urvan-en","tag-campana-publicitaria-en","tag-centro-ciudad-en","tag-gran-notoriedad-en","tag-publicidad-exterior-en","tag-publicidad-urbana-en","tag-seagrams-en","tag-urvan-malaga-en"],"_links":{"self":[{"href":"https:\/\/www.vsacomunicacion.com\/en\/wp-json\/wp\/v2\/posts\/12346"}],"collection":[{"href":"https:\/\/www.vsacomunicacion.com\/en\/wp-json\/wp\/v2\/posts"}],"about":[{"href":"https:\/\/www.vsacomunicacion.com\/en\/wp-json\/wp\/v2\/types\/post"}],"author":[{"embeddable":true,"href":"https:\/\/www.vsacomunicacion.com\/en\/wp-json\/wp\/v2\/users\/3"}],"replies":[{"embeddable":true,"href":"https:\/\/www.vsacomunicacion.com\/en\/wp-json\/wp\/v2\/comments?post=12346"}],"version-history":[{"count":0,"href":"https:\/\/www.vsacomunicacion.com\/en\/wp-json\/wp\/v2\/posts\/12346\/revisions"}],"wp:featuredmedia":[{"embeddable":true,"href":"https:\/\/www.vsacomunicacion.com\/en\/wp-json\/wp\/v2\/media\/7200"}],"wp:attachment":[{"href":"https:\/\/www.vsacomunicacion.com\/en\/wp-json\/wp\/v2\/media?parent=12346"}],"wp:term":[{"taxonomy":"category","embeddable":true,"href":"https:\/\/www.vsacomunicacion.com\/en\/wp-json\/wp\/v2\/categories?post=12346"},{"taxonomy":"post_tag","embeddable":true,"href":"https:\/\/www.vsacomunicacion.com\/en\/wp-json\/wp\/v2\/tags?post=12346"}],"curies":[{"name":"wp","href":"https:\/\/api.w.org\/{rel}","templated":true}]}}