{"id":12348,"date":"2015-08-30T08:24:26","date_gmt":"2015-08-30T08:24:26","guid":{"rendered":"https:\/\/www.vsacomunicacion.com\/pym-de-nuevo-centro-en-valencia\/"},"modified":"2015-08-30T08:24:26","modified_gmt":"2015-08-30T08:24:26","slug":"pym-de-nuevo-centro-en-valencia","status":"publish","type":"post","link":"https:\/\/www.vsacomunicacion.com\/en\/pym-de-nuevo-centro-en-valencia\/","title":{"rendered":"Pym de NUEVO CENTRO en Valencia"},"content":{"rendered":"<p style=\"text-align: justify;\">Desde<strong> VSA COMUNICACION <\/strong>queremos agradecer la permanente confianza que\u00a0<strong>NUEVO CENTRO<\/strong>\u00a0ha demostrado estando, mes a mes, presente en la ciudad de Valencia a trav\u00e9s nuestro<a title=\"Pym's VSA COMUNICACION\" href=\"https:\/\/www.vsacomunicacion.com\/servicios#pyms\">\u00a0<strong>Circuito Urbano de PYM&#8217;S<\/strong><\/a>.<\/p>\n<p style=\"text-align: justify;\"><a href=\"https:\/\/www.vsacomunicacion.com\/wp-content\/uploads\/2015\/09\/pym-medianera-publicidad-exterior-nuevo-centro-cambio-creatividad-sept-valencia-vsa-comunicacion.jpg\"><img fetchpriority=\"high\" decoding=\"async\" class=\"aligncenter  wp-image-1877\" title=\"pym-medianera-publicidad-exterior-nuevo-centro-cambio-creatividad-sept-valencia-vsa-comunicacion\" alt=\"pym-medianera-publicidad-exterior-nuevo-centro-cambio-creatividad-sept-valencia-vsa-comunicacion\" src=\"https:\/\/www.vsacomunicacion.com\/wp-content\/uploads\/2015\/09\/pym-medianera-publicidad-exterior-nuevo-centro-cambio-creatividad-sept-valencia-vsa-comunicacion.jpg\" width=\"585\" height=\"754\" \/><\/a><\/p>\n<p style=\"text-align: justify;\">Ya os presentamos algunos de los emplazamientos donde<strong> NUEVO CENTRO<\/strong> est\u00e1 presente: en la\u00a0<a title=\"Pym\u2019s de NUEVO CENTRO en Valencia\" href=\"https:\/\/www.vsacomunicacion.com\/pyms-de-nuevo-centro-en-valencia-2\/\">Calle Doctor Vila Barber\u00e0<\/a>, en\u00a0la\u00a0<a title=\"Rebajas en NUEVO CENTRO con nuestras PYM\u2019s de Valencia\" href=\"https:\/\/www.vsacomunicacion.com\/rebajas-en-nuevo-centro-con-nuestras-pyms-de-valencia\/\">Avenida Baleares<\/a>\u00a0as\u00ed como en la<a title=\"Pym\u2019s de NUEVO CENTRO en Valencia\" href=\"https:\/\/www.vsacomunicacion.com\/pyms-de-nuevo-centro-en-valencia\/\">\u00a0Avenida del Puerto<\/a>, entre otros.<\/p>\n<p style=\"text-align: justify;\">Hoy\u00a0queremos mostraros los casi 80 m\u00b2 que forman este c\u00e9ntrico emplazamiento ubicado en la conocida Avenida San Vicente M\u00e1rtir, una de las m\u00e1s importantes de Valencia. \u00a0Se trata de zona muy popular y residencial, con todo tipo de servicios, bancos, oficinas, as\u00ed como locales del sector de la restauraci\u00f3n y ocio cerca del Barrio de Ruzafa (zona muy t\u00edpica, popular y concurrida de Valencia).<\/p>\n<p style=\"text-align: justify;\"><!--more--><\/p>\n<p style=\"text-align: justify;\"><strong>NUEVO CENTRO<\/strong>\u00a0es el Centro Comercial por excelencia de la ciudad de Valencia. Se inaugur\u00f3 el 18 de noviembre de 1982, convirti\u00e9ndose en el primer centro comercial urbano que se abr\u00eda en Espa\u00f1a.<\/p>\n<p style=\"text-align: justify;\">Su nombre se debe a la creaci\u00f3n de un\u00a0nuevo n\u00facleo comercial en Valencia distinto al ya existente en el centro de la ciudad.<\/p>\n<p style=\"text-align: justify;\">En una superficie de m\u00e1s de 200.000 m\u00b2 cuenta con 2 edificios de El Corte Ingl\u00e9s, 1 Hotel, 1 edificio de oficinas y una galer\u00eda comercial con m\u00e1s de 250 tiendas y 3 plantas de parking.<\/p>\n<div>\n<p>&nbsp;<\/p>\n<p>No lo dudes, podr\u00e1s hacer todas tus compras y de la forma m\u00e1s c\u00f3moda en <strong>NUEVO CENTRO<\/strong>, lo tiene todo!!<\/p>\n<\/div>\n<p>&nbsp;<\/p>\n","protected":false},"excerpt":{"rendered":"<p>Desde VSA COMUNICACION queremos agradecer la permanente confianza que\u00a0NUEVO CENTRO\u00a0ha demostrado estando, mes a mes, presente en la ciudad de Valencia a trav\u00e9s nuestro\u00a0Circuito Urbano de PYM&#8217;S. Ya os presentamos algunos de los emplazamientos donde NUEVO CENTRO est\u00e1 presente: en [&hellip;]<\/p>\n","protected":false},"author":3,"featured_media":7192,"comment_status":"closed","ping_status":"closed","sticky":false,"template":"","format":"standard","meta":{"inline_featured_image":false,"footnotes":""},"categories":[1593,1640],"tags":[1992,1705,1781,1694,1585,1934],"class_list":["post-12348","post","type-post","status-publish","format-standard","has-post-thumbnail","hentry","category-pyms-en","category-valencia-en","tag-campana-nuevo-centro-en","tag-centro-ciudad-en","tag-circuito-urbano-en","tag-gran-notoriedad-en","tag-publicidad-exterior-en","tag-pyms-valencia-en"],"_links":{"self":[{"href":"https:\/\/www.vsacomunicacion.com\/en\/wp-json\/wp\/v2\/posts\/12348"}],"collection":[{"href":"https:\/\/www.vsacomunicacion.com\/en\/wp-json\/wp\/v2\/posts"}],"about":[{"href":"https:\/\/www.vsacomunicacion.com\/en\/wp-json\/wp\/v2\/types\/post"}],"author":[{"embeddable":true,"href":"https:\/\/www.vsacomunicacion.com\/en\/wp-json\/wp\/v2\/users\/3"}],"replies":[{"embeddable":true,"href":"https:\/\/www.vsacomunicacion.com\/en\/wp-json\/wp\/v2\/comments?post=12348"}],"version-history":[{"count":0,"href":"https:\/\/www.vsacomunicacion.com\/en\/wp-json\/wp\/v2\/posts\/12348\/revisions"}],"wp:featuredmedia":[{"embeddable":true,"href":"https:\/\/www.vsacomunicacion.com\/en\/wp-json\/wp\/v2\/media\/7192"}],"wp:attachment":[{"href":"https:\/\/www.vsacomunicacion.com\/en\/wp-json\/wp\/v2\/media?parent=12348"}],"wp:term":[{"taxonomy":"category","embeddable":true,"href":"https:\/\/www.vsacomunicacion.com\/en\/wp-json\/wp\/v2\/categories?post=12348"},{"taxonomy":"post_tag","embeddable":true,"href":"https:\/\/www.vsacomunicacion.com\/en\/wp-json\/wp\/v2\/tags?post=12348"}],"curies":[{"name":"wp","href":"https:\/\/api.w.org\/{rel}","templated":true}]}}