{"id":12351,"date":"2015-08-01T15:04:52","date_gmt":"2015-08-01T15:04:52","guid":{"rendered":"https:\/\/www.vsacomunicacion.com\/circuito-de-pyms-para-san-miguel\/"},"modified":"2015-08-01T15:04:52","modified_gmt":"2015-08-01T15:04:52","slug":"circuito-de-pyms-para-san-miguel","status":"publish","type":"post","link":"https:\/\/www.vsacomunicacion.com\/en\/circuito-de-pyms-para-san-miguel\/","title":{"rendered":"Circuito de PYM&#8217;s para SAN MIGUEL"},"content":{"rendered":"<p>El <strong>Circuito Urbano de PYM\u2019s<\/strong>\u00a0de\u00a0<strong>VSA COMUNICACION<\/strong>\u00a0en\u00a0<strong>M\u00e1laga<\/strong> cuenta con los mejores emplazamientos de la ciudad ubicados en las calles m\u00e1s c\u00e9ntricas y con mayor concentraci\u00f3n de tr\u00e1fico rodado y peatonal consiguiendo as\u00ed la m\u00e1xima cobertura.<\/p>\n<p style=\"text-align: center;\"><a href=\"https:\/\/www.vsacomunicacion.com\/wp-content\/uploads\/2015\/09\/pym-medianera-publicidad-exterior-san-miguel-malaga-vsa-comunicacion1.jpg\"><img fetchpriority=\"high\" decoding=\"async\" class=\"aligncenter  wp-image-1895\" title=\"pym-medianera-publicidad-exterior-san-miguel-malaga-vsa-comunicacion\" alt=\"pym-medianera-publicidad-exterior-san-miguel-malaga-vsa-comunicacion\" src=\"https:\/\/www.vsacomunicacion.com\/wp-content\/uploads\/2015\/09\/pym-medianera-publicidad-exterior-san-miguel-malaga-vsa-comunicacion1.jpg\" width=\"602\" height=\"456\" srcset=\"https:\/\/www.vsacomunicacion.com\/wp-content\/uploads\/2015\/09\/pym-medianera-publicidad-exterior-san-miguel-malaga-vsa-comunicacion1.jpg 2047w, https:\/\/www.vsacomunicacion.com\/wp-content\/uploads\/2015\/09\/pym-medianera-publicidad-exterior-san-miguel-malaga-vsa-comunicacion1-300x227.jpg 300w, https:\/\/www.vsacomunicacion.com\/wp-content\/uploads\/2015\/09\/pym-medianera-publicidad-exterior-san-miguel-malaga-vsa-comunicacion1-1024x776.jpg 1024w, https:\/\/www.vsacomunicacion.com\/wp-content\/uploads\/2015\/09\/pym-medianera-publicidad-exterior-san-miguel-malaga-vsa-comunicacion1-768x582.jpg 768w, https:\/\/www.vsacomunicacion.com\/wp-content\/uploads\/2015\/09\/pym-medianera-publicidad-exterior-san-miguel-malaga-vsa-comunicacion1-1536x1164.jpg 1536w\" sizes=\"(max-width: 602px) 100vw, 602px\" \/><\/a><\/p>\n<p style=\"text-align: justify;\"><strong>SAN MIGUEL,\u00a0<\/strong>patrocinador oficial de la<strong><strong>\u00a0Feria de M\u00e1laga 2015,<\/strong><\/strong> nos anima a echar una mirada al futuro pues<strong><em> lo mejor a\u00fan est\u00e1 por llegar!!<\/em><\/strong><\/p>\n<p style=\"text-align: justify;\"><!--more--><\/p>\n<p style=\"text-align: justify;\">Nuestro\u00a0<strong>Circuito de PYM&#8217;s<\/strong> de la ciudad malague\u00f1a ha sigo la elegida por <strong>SAN MIGUEL<\/strong> para invitaros a disfrutar de la magn\u00edfica<strong> Feria de M\u00e1laga 2015,<\/strong>\u00a0que se celebra del 15 al 22 de agosto, y este a\u00f1o contar\u00e1 con m\u00e1s de\u00a0200 espect\u00e1culos gratuitos<strong>,<\/strong>\u00a0dise\u00f1ado para todos los p\u00fablicos, con un amplio programa de actuaciones y espect\u00e1culos en la que participan m\u00e1s de 1.200 artistas. Como peculiaridad, destacar que el 95% de estos artistas son malague\u00f1os.<\/p>\n<p style=\"text-align: justify;\">Fiesta, alegr\u00eda, deporte, toros, buen ambiente, buen clima, cultura, tradici\u00f3n y actividades adaptadas a todos los p\u00fablicos son muchas de las cosas que componen esta feria.<\/p>\n<p>\u00bfA qu\u00e9 esperas?<\/p>\n<p>\u00a1Ven a la feria y disfr\u00fatala!<\/p>\n","protected":false},"excerpt":{"rendered":"<p>El Circuito Urbano de PYM\u2019s\u00a0de\u00a0VSA COMUNICACION\u00a0en\u00a0M\u00e1laga cuenta con los mejores emplazamientos de la ciudad ubicados en las calles m\u00e1s c\u00e9ntricas y con mayor concentraci\u00f3n de tr\u00e1fico rodado y peatonal consiguiendo as\u00ed la m\u00e1xima cobertura. SAN MIGUEL,\u00a0patrocinador oficial de la\u00a0Feria de [&hellip;]<\/p>\n","protected":false},"author":3,"featured_media":7194,"comment_status":"closed","ping_status":"closed","sticky":false,"template":"","format":"standard","meta":{"inline_featured_image":false,"footnotes":""},"categories":[1813,1593],"tags":[2392,1781,1694,1585,1586,1973,1671],"class_list":["post-12351","post","type-post","status-publish","format-standard","has-post-thumbnail","hentry","category-malaga-en","category-pyms-en","tag-campana-san-miguel-en","tag-circuito-urbano-en","tag-gran-notoriedad-en","tag-publicidad-exterior-en","tag-publicidad-urbana-en","tag-pyms-malaga-en","tag-trafico-rodado-en"],"_links":{"self":[{"href":"https:\/\/www.vsacomunicacion.com\/en\/wp-json\/wp\/v2\/posts\/12351"}],"collection":[{"href":"https:\/\/www.vsacomunicacion.com\/en\/wp-json\/wp\/v2\/posts"}],"about":[{"href":"https:\/\/www.vsacomunicacion.com\/en\/wp-json\/wp\/v2\/types\/post"}],"author":[{"embeddable":true,"href":"https:\/\/www.vsacomunicacion.com\/en\/wp-json\/wp\/v2\/users\/3"}],"replies":[{"embeddable":true,"href":"https:\/\/www.vsacomunicacion.com\/en\/wp-json\/wp\/v2\/comments?post=12351"}],"version-history":[{"count":0,"href":"https:\/\/www.vsacomunicacion.com\/en\/wp-json\/wp\/v2\/posts\/12351\/revisions"}],"wp:featuredmedia":[{"embeddable":true,"href":"https:\/\/www.vsacomunicacion.com\/en\/wp-json\/wp\/v2\/media\/7194"}],"wp:attachment":[{"href":"https:\/\/www.vsacomunicacion.com\/en\/wp-json\/wp\/v2\/media?parent=12351"}],"wp:term":[{"taxonomy":"category","embeddable":true,"href":"https:\/\/www.vsacomunicacion.com\/en\/wp-json\/wp\/v2\/categories?post=12351"},{"taxonomy":"post_tag","embeddable":true,"href":"https:\/\/www.vsacomunicacion.com\/en\/wp-json\/wp\/v2\/tags?post=12351"}],"curies":[{"name":"wp","href":"https:\/\/api.w.org\/{rel}","templated":true}]}}