{"id":12353,"date":"2015-07-08T01:39:20","date_gmt":"2015-07-08T01:39:20","guid":{"rendered":"https:\/\/www.vsacomunicacion.com\/pyms-de-nuevo-centro-en-valencia-2\/"},"modified":"2015-07-08T01:39:20","modified_gmt":"2015-07-08T01:39:20","slug":"pyms-de-nuevo-centro-en-valencia-2","status":"publish","type":"post","link":"https:\/\/www.vsacomunicacion.com\/en\/pyms-de-nuevo-centro-en-valencia-2\/","title":{"rendered":"Pym\u2019s de NUEVO CENTRO en Valencia"},"content":{"rendered":"<p>En alguna que otra ocasi\u00f3n hemos comentado la presencia de <a title=\"Web Nuevo Centro\" href=\"http:\/\/www.nuevocentro.es\/\" target=\"_blank\" rel=\"noopener\"><strong>NUEVO CENTRO<\/strong><\/a>\u00a0en varias PYM\u2019S del\u00a0<strong>Circuito Urbano de Valencia<\/strong>\u00a0de\u00a0<strong>VSA COMUNICACION<\/strong>.<\/p>\n<p style=\"text-align: center;\"><a href=\"https:\/\/www.vsacomunicacion.com\/wp-content\/uploads\/2015\/07\/pym-medianera-publicidad-exterior-nuevo-centro-cambio-creatividad-julio-valencia-vsa-comunicacion.jpg\"><img fetchpriority=\"high\" decoding=\"async\" class=\"aligncenter wp-image-1851\" src=\"https:\/\/www.vsacomunicacion.com\/wp-content\/uploads\/2015\/07\/pym-medianera-publicidad-exterior-nuevo-centro-cambio-creatividad-julio-valencia-vsa-comunicacion.jpg\" alt=\"pym-medianera-publicidad-exterior-nuevo-centro-cambio-creatividad-julio-valencia-vsa-comunicacion\" width=\"607\" height=\"348\" srcset=\"https:\/\/www.vsacomunicacion.com\/wp-content\/uploads\/2015\/07\/pym-medianera-publicidad-exterior-nuevo-centro-cambio-creatividad-julio-valencia-vsa-comunicacion.jpg 2140w, https:\/\/www.vsacomunicacion.com\/wp-content\/uploads\/2015\/07\/pym-medianera-publicidad-exterior-nuevo-centro-cambio-creatividad-julio-valencia-vsa-comunicacion-300x172.jpg 300w, https:\/\/www.vsacomunicacion.com\/wp-content\/uploads\/2015\/07\/pym-medianera-publicidad-exterior-nuevo-centro-cambio-creatividad-julio-valencia-vsa-comunicacion-1024x588.jpg 1024w, https:\/\/www.vsacomunicacion.com\/wp-content\/uploads\/2015\/07\/pym-medianera-publicidad-exterior-nuevo-centro-cambio-creatividad-julio-valencia-vsa-comunicacion-768x441.jpg 768w, https:\/\/www.vsacomunicacion.com\/wp-content\/uploads\/2015\/07\/pym-medianera-publicidad-exterior-nuevo-centro-cambio-creatividad-julio-valencia-vsa-comunicacion-1536x882.jpg 1536w\" sizes=\"(max-width: 607px) 100vw, 607px\" \/><\/a><\/p>\n<p style=\"text-align: justify;\">Si en el <a title=\"Pym\u2019s de NUEVO CENTRO en Valencia\" href=\"https:\/\/www.vsacomunicacion.com\/pyms-de-nuevo-centro-en-valencia\/\">anterior post <\/a>os habl\u00e1bamos de las caracter\u00edsticas del emplazamiento de Avenida del Puerto, hoy nos gustar\u00eda presentaros la <strong>pym<\/strong> ubicada en la calle Doctor Vila Barber\u00e1, m\u00e1s de 160 m\u00b2 en pleno centro de la ciudad y cercano a la Estaci\u00f3n del Norte de RENFE, de gran visibilidad y rodeado de gran variedad de establecimientos comerciales y del sector de la restauraci\u00f3n.<\/p>\n<p style=\"text-align: justify;\"><!--more--><\/p>\n<p><strong>NUEVO CENTRO<\/strong> \u00a0es el resultado de la uni\u00f3n de esfuerzos, ilusiones, profesionalidad y trabajo de todos los que conviven en el centro comercial, con una amplia oferta comercial y buena promoci\u00f3n, convirti\u00e9ndolo en todo un referente no s\u00f3lo en Valencia, sino tambi\u00e9n en provincias lim\u00edtrofes como Castell\u00f3n, Cuenca, Teruel, Albacete y Alicante.<\/p>\n<p>NUEVO CENTRO nos anuncia el inicio de sus incre\u00edbles <strong>REBAJAS<\/strong>!! NO TE LAS PIERDAS!!!<\/p>\n","protected":false},"excerpt":{"rendered":"<p>En alguna que otra ocasi\u00f3n hemos comentado la presencia de NUEVO CENTRO\u00a0en varias PYM\u2019S del\u00a0Circuito Urbano de Valencia\u00a0de\u00a0VSA COMUNICACION. Si en el anterior post os habl\u00e1bamos de las caracter\u00edsticas del emplazamiento de Avenida del Puerto, hoy nos gustar\u00eda presentaros la [&hellip;]<\/p>\n","protected":false},"author":3,"featured_media":7190,"comment_status":"closed","ping_status":"closed","sticky":false,"template":"","format":"standard","meta":{"inline_featured_image":false,"footnotes":""},"categories":[1593,1640],"tags":[1705,1993,1585,1586,1934],"class_list":["post-12353","post","type-post","status-publish","format-standard","has-post-thumbnail","hentry","category-pyms-en","category-valencia-en","tag-centro-ciudad-en","tag-nuevo-centro-en","tag-publicidad-exterior-en","tag-publicidad-urbana-en","tag-pyms-valencia-en"],"_links":{"self":[{"href":"https:\/\/www.vsacomunicacion.com\/en\/wp-json\/wp\/v2\/posts\/12353"}],"collection":[{"href":"https:\/\/www.vsacomunicacion.com\/en\/wp-json\/wp\/v2\/posts"}],"about":[{"href":"https:\/\/www.vsacomunicacion.com\/en\/wp-json\/wp\/v2\/types\/post"}],"author":[{"embeddable":true,"href":"https:\/\/www.vsacomunicacion.com\/en\/wp-json\/wp\/v2\/users\/3"}],"replies":[{"embeddable":true,"href":"https:\/\/www.vsacomunicacion.com\/en\/wp-json\/wp\/v2\/comments?post=12353"}],"version-history":[{"count":0,"href":"https:\/\/www.vsacomunicacion.com\/en\/wp-json\/wp\/v2\/posts\/12353\/revisions"}],"wp:featuredmedia":[{"embeddable":true,"href":"https:\/\/www.vsacomunicacion.com\/en\/wp-json\/wp\/v2\/media\/7190"}],"wp:attachment":[{"href":"https:\/\/www.vsacomunicacion.com\/en\/wp-json\/wp\/v2\/media?parent=12353"}],"wp:term":[{"taxonomy":"category","embeddable":true,"href":"https:\/\/www.vsacomunicacion.com\/en\/wp-json\/wp\/v2\/categories?post=12353"},{"taxonomy":"post_tag","embeddable":true,"href":"https:\/\/www.vsacomunicacion.com\/en\/wp-json\/wp\/v2\/tags?post=12353"}],"curies":[{"name":"wp","href":"https:\/\/api.w.org\/{rel}","templated":true}]}}