{"id":12358,"date":"2015-07-06T09:03:39","date_gmt":"2015-07-06T09:03:39","guid":{"rendered":"https:\/\/www.vsacomunicacion.com\/pyms-de-seagrams-y-el-xix-jazz-festival-de-valencia\/"},"modified":"2015-07-06T09:03:39","modified_gmt":"2015-07-06T09:03:39","slug":"pyms-de-seagrams-y-el-xix-jazz-festival-de-valencia","status":"publish","type":"post","link":"https:\/\/www.vsacomunicacion.com\/en\/pyms-de-seagrams-y-el-xix-jazz-festival-de-valencia\/","title":{"rendered":"Pym&#8217;s de SEAGRAM\u2019S y el XIX JAZZ FESTIVAL DE VALENCIA"},"content":{"rendered":"<p style=\"text-align: justify;\"><strong>SEAGRAM&#8217;S GIN,<\/strong> patrocinador oficial del <a title=\"XIX JAZZ FESTIVAL VALENCIA\" href=\"http:\/\/festivaljazzvalencia.com\/\" target=\"_blank\" rel=\"noopener\"><strong>XIX Jazz Festival de Valencia<\/strong><\/a>, vuelve a confiar en <strong>VSA COMUNICACION<\/strong> y su <strong>Circuito de PYM&#8217;s.<\/strong><\/p>\n<p style=\"text-align: center;\"><a href=\"https:\/\/www.vsacomunicacion.com\/wp-content\/uploads\/2015\/07\/pym-medianera-publicidad-exterior-seagram-jazz-festival-2-valencia-vsa-comunicacion.jpg\"><img fetchpriority=\"high\" decoding=\"async\" class=\"aligncenter wp-image-1841\" title=\"pym-medianera-publicidad-exterior-seagram-jazz-festival-2-valencia-vsa-comunicacion\" src=\"https:\/\/www.vsacomunicacion.com\/wp-content\/uploads\/2015\/07\/pym-medianera-publicidad-exterior-seagram-jazz-festival-2-valencia-vsa-comunicacion.jpg\" alt=\"pym-medianera-publicidad-exterior-seagram-jazz-festival-2-valencia-vsa-comunicacion\" width=\"576\" height=\"671\" \/><\/a><\/p>\n<p style=\"text-align: justify;\">En un\u00a0<a title=\"URVAN BARCELONA con SEAGRAM\u2019S y el XIX JAZZ FESTIVAL DE VALENCIA\" href=\"https:\/\/www.vsacomunicacion.com\/urvan-barcelona-con-seagrams-y-el-xix-jazz-festival-de-valencia\/\">post anterior\u00a0<\/a>os comentamos la\u00a0presencia de <strong>SEAGRAM&#8217;S<\/strong> en la ciudad condal anunciando la celebraci\u00f3n del pr\u00f3ximo <strong>Festival de Jazz de Valencia, c<\/strong>iudad en la que, por supuesto, ha querido estar presente y ha decidido hacerlo a trav\u00e9s de nuestro fant\u00e1stico\u00a0<strong>Circuito Urbano de PYM&#8217;s\u00a0de Valencia.<\/strong><\/p>\n<p style=\"text-align: justify;\"><!--more--><\/p>\n<p style=\"text-align: justify;\">Prep\u00e1rate a vivir la pasi\u00f3n, la improvisaci\u00f3n y la originalidad.<\/p>\n<p>Prep\u00e1rate a vivir sensaciones inolvidables de la mano de\u00a0<strong>Sole Gim\u00e9nez<\/strong>, <strong>Jos\u00e9 James<\/strong> y <strong>Brad Mehldau Tr\u00edo,<\/strong> entre otros muchos artistas de primer nivel, en\u00a0el XIX Festival de Jazz del Palau de la M\u00fasica de Valencia durante este mes de julio.<\/p>\n<p>&nbsp;<\/p>\n","protected":false},"excerpt":{"rendered":"<p>SEAGRAM&#8217;S GIN, patrocinador oficial del XIX Jazz Festival de Valencia, vuelve a confiar en VSA COMUNICACION y su Circuito de PYM&#8217;s. En un\u00a0post anterior\u00a0os comentamos la\u00a0presencia de SEAGRAM&#8217;S en la ciudad condal anunciando la celebraci\u00f3n del pr\u00f3ximo Festival de Jazz [&hellip;]<\/p>\n","protected":false},"author":3,"featured_media":7189,"comment_status":"closed","ping_status":"closed","sticky":false,"template":"","format":"standard","meta":{"inline_featured_image":false,"footnotes":""},"categories":[1593,1640],"tags":[1781,1694,1585,1934,1836,1671],"class_list":["post-12358","post","type-post","status-publish","format-standard","has-post-thumbnail","hentry","category-pyms-en","category-valencia-en","tag-circuito-urbano-en","tag-gran-notoriedad-en","tag-publicidad-exterior-en","tag-pyms-valencia-en","tag-seagrams-en","tag-trafico-rodado-en"],"_links":{"self":[{"href":"https:\/\/www.vsacomunicacion.com\/en\/wp-json\/wp\/v2\/posts\/12358"}],"collection":[{"href":"https:\/\/www.vsacomunicacion.com\/en\/wp-json\/wp\/v2\/posts"}],"about":[{"href":"https:\/\/www.vsacomunicacion.com\/en\/wp-json\/wp\/v2\/types\/post"}],"author":[{"embeddable":true,"href":"https:\/\/www.vsacomunicacion.com\/en\/wp-json\/wp\/v2\/users\/3"}],"replies":[{"embeddable":true,"href":"https:\/\/www.vsacomunicacion.com\/en\/wp-json\/wp\/v2\/comments?post=12358"}],"version-history":[{"count":0,"href":"https:\/\/www.vsacomunicacion.com\/en\/wp-json\/wp\/v2\/posts\/12358\/revisions"}],"wp:featuredmedia":[{"embeddable":true,"href":"https:\/\/www.vsacomunicacion.com\/en\/wp-json\/wp\/v2\/media\/7189"}],"wp:attachment":[{"href":"https:\/\/www.vsacomunicacion.com\/en\/wp-json\/wp\/v2\/media?parent=12358"}],"wp:term":[{"taxonomy":"category","embeddable":true,"href":"https:\/\/www.vsacomunicacion.com\/en\/wp-json\/wp\/v2\/categories?post=12358"},{"taxonomy":"post_tag","embeddable":true,"href":"https:\/\/www.vsacomunicacion.com\/en\/wp-json\/wp\/v2\/tags?post=12358"}],"curies":[{"name":"wp","href":"https:\/\/api.w.org\/{rel}","templated":true}]}}