{"id":12360,"date":"2015-07-01T23:55:53","date_gmt":"2015-07-01T23:55:53","guid":{"rendered":"https:\/\/www.vsacomunicacion.com\/urvan-madrid-con-aperol\/"},"modified":"2015-07-01T23:55:53","modified_gmt":"2015-07-01T23:55:53","slug":"urvan-madrid-con-aperol","status":"publish","type":"post","link":"https:\/\/www.vsacomunicacion.com\/en\/urvan-madrid-con-aperol\/","title":{"rendered":"Pym en Madrid con APEROL"},"content":{"rendered":"<p style=\"text-align: justify;\">Una vez m\u00e1s, <strong>APEROL<\/strong>, el aperitivo perfecto, ha querido estar presente en nuestras v\u00edas urbanas, en esta ocasi\u00f3n en la ciudad de Madrid, a trav\u00e9s del <strong>Circuito de PYM&#8217;s\u00a0<\/strong>de <strong>VSA COMUNICACION<\/strong>.<\/p>\n<p style=\"text-align: center;\"><a href=\"https:\/\/www.vsacomunicacion.com\/wp-content\/uploads\/2015\/07\/pym-medianera-publicidad-exterior-aperol-madrid-vsa-comunicacion.jpg\"><img fetchpriority=\"high\" decoding=\"async\" class=\"aligncenter  wp-image-1833\" title=\"pym-medianera-publicidad-exterior-aperol-madrid-vsa-comunicacion\" alt=\"pym-medianera-publicidad-exterior-aperol-madrid-vsa-comunicacion\" src=\"https:\/\/www.vsacomunicacion.com\/wp-content\/uploads\/2015\/07\/pym-medianera-publicidad-exterior-aperol-madrid-vsa-comunicacion.jpg\" width=\"608\" height=\"432\" srcset=\"https:\/\/www.vsacomunicacion.com\/wp-content\/uploads\/2015\/07\/pym-medianera-publicidad-exterior-aperol-madrid-vsa-comunicacion.jpg 2170w, https:\/\/www.vsacomunicacion.com\/wp-content\/uploads\/2015\/07\/pym-medianera-publicidad-exterior-aperol-madrid-vsa-comunicacion-300x213.jpg 300w, https:\/\/www.vsacomunicacion.com\/wp-content\/uploads\/2015\/07\/pym-medianera-publicidad-exterior-aperol-madrid-vsa-comunicacion-1024x728.jpg 1024w, https:\/\/www.vsacomunicacion.com\/wp-content\/uploads\/2015\/07\/pym-medianera-publicidad-exterior-aperol-madrid-vsa-comunicacion-768x546.jpg 768w, https:\/\/www.vsacomunicacion.com\/wp-content\/uploads\/2015\/07\/pym-medianera-publicidad-exterior-aperol-madrid-vsa-comunicacion-1536x1091.jpg 1536w\" sizes=\"(max-width: 608px) 100vw, 608px\" \/><\/a><\/p>\n<div>\n<div>\n<p style=\"text-align: justify;\"><strong>APEROL<\/strong> tiene un <strong>brillante color naranja<\/strong>, una m\u00e1gica infusi\u00f3n de naranjas dulces y amargas, un<strong> sabor \u00fanico<\/strong>, perfecta mezcla de ra\u00edces y hierbas, y de <strong>baja graduaci\u00f3n<\/strong>, 11 grados.<\/p>\n<p style=\"text-align: justify;\"><!--more--><\/p>\n<p style=\"text-align: justify;\"><em>PUEDES MEDIR EL TIEMPO EN MINUTOS, O EN MOMENTOS\u2026\u00a0<\/em>\u00bfT\u00fa que escoges?<\/p>\n<\/div>\n<\/div>\n<p style=\"text-align: justify;\"><em>Comparte tu momento APEROL\u00a0<a title=\"Twitter APEROL\" href=\"https:\/\/twitter.com\/hashtag\/loveeveryday\" target=\"_blank\" rel=\"noopener\">#LoveEveryDay<\/a><\/em><\/p>\n<p style=\"text-align: justify;\"><a href=\"http:\/\/www.pikore.com\/tag\/aperol\" target=\"_blank\" rel=\"noopener\">#aperol<\/a>\u00a0<a href=\"http:\/\/www.pikore.com\/tag\/spritz\" target=\"_blank\" rel=\"noopener\">#spritz<\/a>\u00a0<a href=\"http:\/\/www.pikore.com\/tag\/aperolspritz\" target=\"_blank\" rel=\"noopener\">#aperolspritz<\/a>\u00a0<a href=\"http:\/\/www.pikore.com\/tag\/viernes\" target=\"_blank\" rel=\"noopener\">#viernes<\/a><a href=\"http:\/\/www.pikore.com\/tag\/finde\" target=\"_blank\" rel=\"noopener\">#finde<\/a>\u00a0<a href=\"http:\/\/www.pikore.com\/tag\/instagood\" target=\"_blank\" rel=\"noopener\">#instagood<\/a>\u00a0<a href=\"http:\/\/www.pikore.com\/tag\/amigos\" target=\"_blank\" rel=\"noopener\">#amigos<\/a><a href=\"http:\/\/www.pikore.com\/tag\/compa%C3%B1eros\" target=\"_blank\" rel=\"noopener\">#compa\u00f1eros<\/a>\u00a0<a href=\"http:\/\/www.pikore.com\/tag\/bebidas\" target=\"_blank\" rel=\"noopener\">#bebidas<\/a>\u00a0<a href=\"http:\/\/www.pikore.com\/tag\/drinks\" target=\"_blank\" rel=\"noopener\">#drinks<\/a><a href=\"http:\/\/www.pikore.com\/tag\/naranja\" target=\"_blank\" rel=\"noopener\">#naranja<\/a>\u00a0<a href=\"http:\/\/www.pikore.com\/tag\/mola\" target=\"_blank\" rel=\"noopener\">#mola<\/a>\u00a0<a href=\"http:\/\/www.pikore.com\/tag\/terrazas\" target=\"_blank\" rel=\"noopener\">#terrazas<\/a>\u00a0<a href=\"http:\/\/www.pikore.com\/tag\/italia\" target=\"_blank\" rel=\"noopener\">#italia<\/a><a href=\"http:\/\/www.pikore.com\/tag\/madrid\" target=\"_blank\" rel=\"noopener\">#madrid<\/a>\u00a0<a href=\"http:\/\/www.pikore.com\/tag\/barcelona\" target=\"_blank\" rel=\"noopener\">#barcelona<\/a>\u00a0<a href=\"http:\/\/www.pikore.com\/tag\/friends\" target=\"_blank\" rel=\"noopener\">#friends<\/a>\u00a0<a href=\"http:\/\/www.pikore.com\/tag\/mad\" target=\"_blank\" rel=\"noopener\">#mad<\/a><a href=\"http:\/\/www.pikore.com\/tag\/bcn\" target=\"_blank\" rel=\"noopener\">#bcn<\/a>\u00a0<a href=\"http:\/\/www.pikore.com\/tag\/spain\" target=\"_blank\" rel=\"noopener\">#spain<\/a>\u00a0<a href=\"http:\/\/www.pikore.com\/tag\/espa%C3%B1a\" target=\"_blank\" rel=\"noopener\">#espa\u00f1a<\/a>\u00a0<a href=\"http:\/\/www.pikore.com\/tag\/orange\" target=\"_blank\" rel=\"noopener\">#orange<\/a><\/p>\n","protected":false},"excerpt":{"rendered":"<p>Una vez m\u00e1s, APEROL, el aperitivo perfecto, ha querido estar presente en nuestras v\u00edas urbanas, en esta ocasi\u00f3n en la ciudad de Madrid, a trav\u00e9s del Circuito de PYM&#8217;s\u00a0de VSA COMUNICACION. APEROL tiene un brillante color naranja, una m\u00e1gica infusi\u00f3n [&hellip;]<\/p>\n","protected":false},"author":3,"featured_media":7188,"comment_status":"closed","ping_status":"closed","sticky":false,"template":"","format":"standard","meta":{"inline_featured_image":false,"footnotes":""},"categories":[1489,1593],"tags":[2393,1781,1694,1585,1599,1677],"class_list":["post-12360","post","type-post","status-publish","format-standard","has-post-thumbnail","hentry","category-madrid-en","category-pyms-en","tag-aperol-en","tag-circuito-urbano-en","tag-gran-notoriedad-en","tag-publicidad-exterior-en","tag-publicidad-gran-formato-en","tag-pyms-madrid-en"],"_links":{"self":[{"href":"https:\/\/www.vsacomunicacion.com\/en\/wp-json\/wp\/v2\/posts\/12360"}],"collection":[{"href":"https:\/\/www.vsacomunicacion.com\/en\/wp-json\/wp\/v2\/posts"}],"about":[{"href":"https:\/\/www.vsacomunicacion.com\/en\/wp-json\/wp\/v2\/types\/post"}],"author":[{"embeddable":true,"href":"https:\/\/www.vsacomunicacion.com\/en\/wp-json\/wp\/v2\/users\/3"}],"replies":[{"embeddable":true,"href":"https:\/\/www.vsacomunicacion.com\/en\/wp-json\/wp\/v2\/comments?post=12360"}],"version-history":[{"count":0,"href":"https:\/\/www.vsacomunicacion.com\/en\/wp-json\/wp\/v2\/posts\/12360\/revisions"}],"wp:featuredmedia":[{"embeddable":true,"href":"https:\/\/www.vsacomunicacion.com\/en\/wp-json\/wp\/v2\/media\/7188"}],"wp:attachment":[{"href":"https:\/\/www.vsacomunicacion.com\/en\/wp-json\/wp\/v2\/media?parent=12360"}],"wp:term":[{"taxonomy":"category","embeddable":true,"href":"https:\/\/www.vsacomunicacion.com\/en\/wp-json\/wp\/v2\/categories?post=12360"},{"taxonomy":"post_tag","embeddable":true,"href":"https:\/\/www.vsacomunicacion.com\/en\/wp-json\/wp\/v2\/tags?post=12360"}],"curies":[{"name":"wp","href":"https:\/\/api.w.org\/{rel}","templated":true}]}}