{"id":12363,"date":"2015-06-29T08:32:18","date_gmt":"2015-06-29T08:32:18","guid":{"rendered":"https:\/\/www.vsacomunicacion.com\/urvan-barcelona-con-seagrams-y-el-xix-jazz-festival-de-valencia\/"},"modified":"2015-06-29T08:32:18","modified_gmt":"2015-06-29T08:32:18","slug":"urvan-barcelona-con-seagrams-y-el-xix-jazz-festival-de-valencia","status":"publish","type":"post","link":"https:\/\/www.vsacomunicacion.com\/en\/urvan-barcelona-con-seagrams-y-el-xix-jazz-festival-de-valencia\/","title":{"rendered":"URVAN BARCELONA con SEAGRAM\u2019S y el XIX JAZZ FESTIVAL DE VALENCIA"},"content":{"rendered":"<p style=\"text-align: justify;\">EL<strong> Circuito UR<span style=\"color: #ff0000;\">VA<\/span>N<\/strong>\u00a0de <strong>VSA COMUNICACION<\/strong>\u00a0es un medio de publicidad exterior compuesto por soportes de gran formato y alt\u00edsimo nivel cualitativo dise\u00f1ado para conseguir la m\u00e1xima notoriedad.<\/p>\n<p style=\"text-align: center;\"><a href=\"https:\/\/www.vsacomunicacion.com\/wp-content\/uploads\/2015\/06\/pym-medianera-publicidad-exterior-seagram-jazz-festival-barcelona-vsa-comunicacion.jpg\"><img fetchpriority=\"high\" decoding=\"async\" class=\"aligncenter wp-image-1811\" title=\"pym-medianera-publicidad-exterior-seagram-jazz-festival-barcelona-vsa-comunicacion\" src=\"https:\/\/www.vsacomunicacion.com\/wp-content\/uploads\/2015\/06\/pym-medianera-publicidad-exterior-seagram-jazz-festival-barcelona-vsa-comunicacion.jpg\" alt=\"pym-medianera-publicidad-exterior-seagram-jazz-festival-barcelona-vsa-comunicacion\" width=\"614\" height=\"419\" \/><\/a><\/p>\n<p style=\"text-align: justify;\">Nos alegra de que\u00a0<strong>SEAGRAM\u2019S<\/strong>,\u00a0patrocinador del<strong><a title=\"XIX JAZZ FESTIVAL VALENCIA\" href=\"http:\/\/festivaljazzvalencia.com\/\" target=\"_blank\" rel=\"noopener\"> XIX\u00ba Jazz Festival del Palau de la M\u00fasica de Valencia<\/a><\/strong>, \u00a0 vuelva a formar parte de nuestro\u00a0<strong>Circuito UR<span style=\"color: #ff0000;\">VA<\/span>N<\/strong>\u00a0de\u00a0<strong>Barcelona.<\/strong><\/p>\n<p style=\"text-align: justify;\"><!--more--><\/p>\n<p><span style=\"text-align: justify;\">Prep\u00e1rate a vivir la pasi\u00f3n, la improvisaci\u00f3n y la originalidad.<\/span><\/p>\n<p style=\"text-align: justify;\">Prep\u00e1rate a vivir sensaciones inolvidables de la mano de\u00a0<strong>Sole Gim\u00e9nez<\/strong>, <strong>Jos\u00e9 James<\/strong> y <strong>Brad Mehldau Tr\u00edo<\/strong>, entre otros muchos artistas de primer nivel.<\/p>\n<p style=\"text-align: justify;\">Llega, del 2 al 15 de julio, el XIX Festival de Jazz del Palau de la M\u00fasica de Valencia.<\/p>\n<p style=\"text-align: justify;\">Como inauguraci\u00f3n del Festival disfrutaremos del concierto gratuito que se celebra al aire libre en los Jardines del Palau de la M\u00fasica del m\u00fasico Kuami Mensah,\u00a0que dedicar\u00e1\u00a0un tributo al maestro de la canci\u00f3n francesa<strong>\u00a0Charles Aznavour<\/strong>.<\/p>\n","protected":false},"excerpt":{"rendered":"<p>EL Circuito URVAN\u00a0de VSA COMUNICACION\u00a0es un medio de publicidad exterior compuesto por soportes de gran formato y alt\u00edsimo nivel cualitativo dise\u00f1ado para conseguir la m\u00e1xima notoriedad. Nos alegra de que\u00a0SEAGRAM\u2019S,\u00a0patrocinador del XIX\u00ba Jazz Festival del Palau de la M\u00fasica de [&hellip;]<\/p>\n","protected":false},"author":3,"featured_media":7185,"comment_status":"closed","ping_status":"closed","sticky":false,"template":"","format":"standard","meta":{"inline_featured_image":false,"footnotes":""},"categories":[1506,2069],"tags":[1694,1585,1586,1836,1671,2072],"class_list":["post-12363","post","type-post","status-publish","format-standard","has-post-thumbnail","hentry","category-barcelona-en","category-urvan-en","tag-gran-notoriedad-en","tag-publicidad-exterior-en","tag-publicidad-urbana-en","tag-seagrams-en","tag-trafico-rodado-en","tag-urvan-barcelona-en"],"_links":{"self":[{"href":"https:\/\/www.vsacomunicacion.com\/en\/wp-json\/wp\/v2\/posts\/12363"}],"collection":[{"href":"https:\/\/www.vsacomunicacion.com\/en\/wp-json\/wp\/v2\/posts"}],"about":[{"href":"https:\/\/www.vsacomunicacion.com\/en\/wp-json\/wp\/v2\/types\/post"}],"author":[{"embeddable":true,"href":"https:\/\/www.vsacomunicacion.com\/en\/wp-json\/wp\/v2\/users\/3"}],"replies":[{"embeddable":true,"href":"https:\/\/www.vsacomunicacion.com\/en\/wp-json\/wp\/v2\/comments?post=12363"}],"version-history":[{"count":0,"href":"https:\/\/www.vsacomunicacion.com\/en\/wp-json\/wp\/v2\/posts\/12363\/revisions"}],"wp:featuredmedia":[{"embeddable":true,"href":"https:\/\/www.vsacomunicacion.com\/en\/wp-json\/wp\/v2\/media\/7185"}],"wp:attachment":[{"href":"https:\/\/www.vsacomunicacion.com\/en\/wp-json\/wp\/v2\/media?parent=12363"}],"wp:term":[{"taxonomy":"category","embeddable":true,"href":"https:\/\/www.vsacomunicacion.com\/en\/wp-json\/wp\/v2\/categories?post=12363"},{"taxonomy":"post_tag","embeddable":true,"href":"https:\/\/www.vsacomunicacion.com\/en\/wp-json\/wp\/v2\/tags?post=12363"}],"curies":[{"name":"wp","href":"https:\/\/api.w.org\/{rel}","templated":true}]}}