{"id":12372,"date":"2015-06-15T09:43:16","date_gmt":"2015-06-15T09:43:16","guid":{"rendered":"https:\/\/www.vsacomunicacion.com\/lona-publicitaria-de-renault-kadjar-en-plaza-cataluna\/"},"modified":"2015-06-15T09:43:16","modified_gmt":"2015-06-15T09:43:16","slug":"lona-publicitaria-de-renault-kadjar-en-plaza-cataluna","status":"publish","type":"post","link":"https:\/\/www.vsacomunicacion.com\/en\/lona-publicitaria-de-renault-kadjar-en-plaza-cataluna\/","title":{"rendered":"Lona Publicitaria de RENAULT KADJAR en Plaza Catalu\u00f1a"},"content":{"rendered":"<p style=\"text-align: justify;\">Qu\u00e9 mejor forma de finalizar el <a title=\"Remodelaci\u00f3n Fachada y Coronamiento Plaza Catalu\u00f1a\" href=\"https:\/\/www.vsacomunicacion.com\/remodelacion-fachada-y-coronamiento-plaza-cataluna\/\">proyecto de rehabilitaci\u00f3n de la fachada <\/a>de <strong>Plaza Catalu\u00f1a<\/strong>, iniciado por <strong>VSA COMUNICACION<\/strong> en diciembre de 2013, que con esta espectacular\u00a0<strong>lona publicitaria<\/strong> de\u00a0<strong>RENAULT KADJAR<\/strong>, el nuevo modelo de la firma francesa.<\/p>\n<p style=\"text-align: center;\"><a href=\"https:\/\/www.vsacomunicacion.com\/wp-content\/uploads\/2015\/06\/lona-publicitaria-barcelona-renault-kadjar-pelayo-vsa-comunicacion.jpg\"><img fetchpriority=\"high\" decoding=\"async\" class=\"aligncenter  wp-image-1759\" alt=\"lona-publicitaria-barcelona-renault-kadjar-pelayo-vsa-comunicacion\" src=\"https:\/\/www.vsacomunicacion.com\/wp-content\/uploads\/2015\/06\/lona-publicitaria-barcelona-renault-kadjar-pelayo-vsa-comunicacion.jpg\" width=\"611\" height=\"465\" srcset=\"https:\/\/www.vsacomunicacion.com\/wp-content\/uploads\/2015\/06\/lona-publicitaria-barcelona-renault-kadjar-pelayo-vsa-comunicacion.jpg 1492w, https:\/\/www.vsacomunicacion.com\/wp-content\/uploads\/2015\/06\/lona-publicitaria-barcelona-renault-kadjar-pelayo-vsa-comunicacion-300x228.jpg 300w, https:\/\/www.vsacomunicacion.com\/wp-content\/uploads\/2015\/06\/lona-publicitaria-barcelona-renault-kadjar-pelayo-vsa-comunicacion-1024x779.jpg 1024w, https:\/\/www.vsacomunicacion.com\/wp-content\/uploads\/2015\/06\/lona-publicitaria-barcelona-renault-kadjar-pelayo-vsa-comunicacion-768x584.jpg 768w\" sizes=\"(max-width: 611px) 100vw, 611px\" \/><\/a><\/p>\n<p style=\"text-align: justify;\">El\u00a0<strong>Renault Kadjar<\/strong>\u00a0es el nuevo\u00a0<em>crossover<\/em>\u00a0compacto del segmento medio de RENAULT cuya conducci\u00f3n est\u00e1 tan enfocada a la circulaci\u00f3n urbana como a la circulaci\u00f3n por caminos o carreteras sin asfalto ya que disponen, adem\u00e1s del todocamino, de la versi\u00f3n 4&#215;4, con un motor de gas\u00f3leo m\u00e1s potente.<\/p>\n<p style=\"text-align: justify;\"><!--more--><\/p>\n<p style=\"text-align: justify;\"><strong>Renault Kadjar<\/strong>, un veh\u00edculo de dimensiones compactas, mezcla de diferentes segmentos:<\/p>\n<p style=\"text-align: justify;\">&#8211; Aspecto y dise\u00f1o de SUV (Veh\u00edculo Utiliario Deportivo).<\/p>\n<p style=\"text-align: justify;\">&#8211; Comparte con el monovolumen de RENAULT la CMF (<a title=\"CMF RENAULT\" href=\"http:\/\/group.renault.com\/wp-content\/uploads\/2014\/07\/presentation_cmf_gb_version2.1_sans_commentaires_16-9eme[1].pdf\" target=\"_blank\" rel=\"noopener\">Common Module Family<\/a>), basada en la producci\u00f3n de\u00a0una gama de veh\u00edculos con cierto n\u00famero de piezas y componentes comunes.<\/p>\n<p style=\"text-align: justify;\">&#8211; De sus similitudes con el turismo, podr\u00edamos destacar, entre otras, su equipamiento de alta calidad para una conducci\u00f3n personalizada y conectada.<\/p>\n<p style=\"text-align: justify;\"><strong><em>RENAULT KADJAR, atr\u00e9vete a vivir!!<\/em><\/strong><\/p>\n","protected":false},"excerpt":{"rendered":"<p>Qu\u00e9 mejor forma de finalizar el proyecto de rehabilitaci\u00f3n de la fachada de Plaza Catalu\u00f1a, iniciado por VSA COMUNICACION en diciembre de 2013, que con esta espectacular\u00a0lona publicitaria de\u00a0RENAULT KADJAR, el nuevo modelo de la firma francesa. El\u00a0Renault Kadjar\u00a0es el [&hellip;]<\/p>\n","protected":false},"author":3,"featured_media":7180,"comment_status":"closed","ping_status":"closed","sticky":false,"template":"","format":"standard","meta":{"inline_featured_image":false,"footnotes":""},"categories":[1506,1488],"tags":[1704,1706,1708,1581,1861,1737,1948],"class_list":["post-12372","post","type-post","status-publish","format-standard","has-post-thumbnail","hentry","category-barcelona-en","category-lonas-publicitarias-en","tag-alto-prestigio-publicitario-en","tag-emplazamiento-premium-en","tag-formato-espectacular-en","tag-lonas-publicitarias-barcelona-en","tag-plaza-cataluna-en","tag-renault-en","tag-renault-kadjar-en"],"_links":{"self":[{"href":"https:\/\/www.vsacomunicacion.com\/en\/wp-json\/wp\/v2\/posts\/12372"}],"collection":[{"href":"https:\/\/www.vsacomunicacion.com\/en\/wp-json\/wp\/v2\/posts"}],"about":[{"href":"https:\/\/www.vsacomunicacion.com\/en\/wp-json\/wp\/v2\/types\/post"}],"author":[{"embeddable":true,"href":"https:\/\/www.vsacomunicacion.com\/en\/wp-json\/wp\/v2\/users\/3"}],"replies":[{"embeddable":true,"href":"https:\/\/www.vsacomunicacion.com\/en\/wp-json\/wp\/v2\/comments?post=12372"}],"version-history":[{"count":0,"href":"https:\/\/www.vsacomunicacion.com\/en\/wp-json\/wp\/v2\/posts\/12372\/revisions"}],"wp:featuredmedia":[{"embeddable":true,"href":"https:\/\/www.vsacomunicacion.com\/en\/wp-json\/wp\/v2\/media\/7180"}],"wp:attachment":[{"href":"https:\/\/www.vsacomunicacion.com\/en\/wp-json\/wp\/v2\/media?parent=12372"}],"wp:term":[{"taxonomy":"category","embeddable":true,"href":"https:\/\/www.vsacomunicacion.com\/en\/wp-json\/wp\/v2\/categories?post=12372"},{"taxonomy":"post_tag","embeddable":true,"href":"https:\/\/www.vsacomunicacion.com\/en\/wp-json\/wp\/v2\/tags?post=12372"}],"curies":[{"name":"wp","href":"https:\/\/api.w.org\/{rel}","templated":true}]}}