{"id":12375,"date":"2015-06-07T16:21:17","date_gmt":"2015-06-07T16:21:17","guid":{"rendered":"https:\/\/www.vsacomunicacion.com\/nueva-lona-publicitaria-nike-en-plaza-cataluna\/"},"modified":"2015-06-07T16:21:17","modified_gmt":"2015-06-07T16:21:17","slug":"nueva-lona-publicitaria-nike-en-plaza-cataluna","status":"publish","type":"post","link":"https:\/\/www.vsacomunicacion.com\/en\/nueva-lona-publicitaria-nike-en-plaza-cataluna\/","title":{"rendered":"Nueva Lona Publicitaria NIKE en Plaza Catalu\u00f1a"},"content":{"rendered":"<p>Hace unos d\u00edas<strong> VSA COMUNICACION<\/strong> os presentaba junto a <strong>NIKE<\/strong><a title=\"Lona Publicitaria NIKE en Plaza Catalu\u00f1a\" href=\"https:\/\/www.vsacomunicacion.com\/lona-publicitaria-nike-en-plaza-cataluna\/\">\u00a0la nueva equipaci\u00f3n del F.C. Barcelona para el 2015-2016<\/a> con una fant\u00e1stica lona publicitaria en el emplazamiento de Plaza Catalu\u00f1a.<\/p>\n<p style=\"text-align: center;\"><a href=\"https:\/\/www.vsacomunicacion.com\/wp-content\/uploads\/2015\/06\/lona-publicitaria-barcelona-nike-pelayo-noche-vsa-comunicacion.jpg\" target=\"_blank\" rel=\"noopener\"><img fetchpriority=\"high\" decoding=\"async\" class=\"aligncenter  wp-image-1581\" title=\"lona-publicitaria-barcelona-nike-pelayo-noche-vsa-comunicacion\" alt=\"lona-publicitaria-barcelona-nike-pelayo-noche-vsa-comunicacion\" src=\"https:\/\/www.vsacomunicacion.com\/wp-content\/uploads\/2015\/06\/lona-publicitaria-barcelona-nike-pelayo-noche-vsa-comunicacion.jpg\" width=\"616\" height=\"401\" srcset=\"https:\/\/www.vsacomunicacion.com\/wp-content\/uploads\/2015\/06\/lona-publicitaria-barcelona-nike-pelayo-noche-vsa-comunicacion.jpg 1024w, https:\/\/www.vsacomunicacion.com\/wp-content\/uploads\/2015\/06\/lona-publicitaria-barcelona-nike-pelayo-noche-vsa-comunicacion-300x196.jpg 300w, https:\/\/www.vsacomunicacion.com\/wp-content\/uploads\/2015\/06\/lona-publicitaria-barcelona-nike-pelayo-noche-vsa-comunicacion-768x501.jpg 768w\" sizes=\"(max-width: 616px) 100vw, 616px\" \/><\/a><\/p>\n<p style=\"text-align: justify;\">El pasado s\u00e1bado el F.C. Barcelona culmin\u00f3 una temporada plet\u00f3rica alzando su quinta Champions League y entrando en la historia del f\u00fatbol por ser el primer conjunto europeo en lograr un segundo triplete.<\/p>\n<p style=\"text-align: justify;\"><!--more--><\/p>\n<p style=\"text-align: justify;\">Al igual que hizo Pep Guardiola en el a\u00f1o 2009, en el primer a\u00f1o de Luis Enrique como entrenador del F.C. Barcelona ha conseguido el codiciado triplete, pasando este equipo a la historia por sus t\u00edtulos, calidad futbol\u00edstica y buen juego. Estaremos pendientes de los pr\u00f3ximos 3 t\u00edtulos a disputar!!<\/p>\n<p style=\"text-align: justify;\"><strong>NIKE<\/strong>\u00a0ha querido celebrarlo con esta espectacular lona publicitaria con un mensaje muy claro:\u00a0<em>Unos juegan a futbol. Otros lo reinventan.\u00a0<\/em>FELICIDADES CAMPEONES!!<\/p>\n","protected":false},"excerpt":{"rendered":"<p>Hace unos d\u00edas VSA COMUNICACION os presentaba junto a NIKE\u00a0la nueva equipaci\u00f3n del F.C. Barcelona para el 2015-2016 con una fant\u00e1stica lona publicitaria en el emplazamiento de Plaza Catalu\u00f1a. El pasado s\u00e1bado el F.C. Barcelona culmin\u00f3 una temporada plet\u00f3rica alzando [&hellip;]<\/p>\n","protected":false},"author":3,"featured_media":7178,"comment_status":"closed","ping_status":"closed","sticky":false,"template":"","format":"standard","meta":{"inline_featured_image":false,"footnotes":""},"categories":[1506,1488],"tags":[1704,1664,1705,1656,1581,1553,1585],"class_list":["post-12375","post","type-post","status-publish","format-standard","has-post-thumbnail","hentry","category-barcelona-en","category-lonas-publicitarias-en","tag-alto-prestigio-publicitario-en","tag-campana-publicitaria-en","tag-centro-ciudad-en","tag-lonas-gran-formato-en","tag-lonas-publicitarias-barcelona-en","tag-nike-en","tag-publicidad-exterior-en"],"_links":{"self":[{"href":"https:\/\/www.vsacomunicacion.com\/en\/wp-json\/wp\/v2\/posts\/12375"}],"collection":[{"href":"https:\/\/www.vsacomunicacion.com\/en\/wp-json\/wp\/v2\/posts"}],"about":[{"href":"https:\/\/www.vsacomunicacion.com\/en\/wp-json\/wp\/v2\/types\/post"}],"author":[{"embeddable":true,"href":"https:\/\/www.vsacomunicacion.com\/en\/wp-json\/wp\/v2\/users\/3"}],"replies":[{"embeddable":true,"href":"https:\/\/www.vsacomunicacion.com\/en\/wp-json\/wp\/v2\/comments?post=12375"}],"version-history":[{"count":0,"href":"https:\/\/www.vsacomunicacion.com\/en\/wp-json\/wp\/v2\/posts\/12375\/revisions"}],"wp:featuredmedia":[{"embeddable":true,"href":"https:\/\/www.vsacomunicacion.com\/en\/wp-json\/wp\/v2\/media\/7178"}],"wp:attachment":[{"href":"https:\/\/www.vsacomunicacion.com\/en\/wp-json\/wp\/v2\/media?parent=12375"}],"wp:term":[{"taxonomy":"category","embeddable":true,"href":"https:\/\/www.vsacomunicacion.com\/en\/wp-json\/wp\/v2\/categories?post=12375"},{"taxonomy":"post_tag","embeddable":true,"href":"https:\/\/www.vsacomunicacion.com\/en\/wp-json\/wp\/v2\/tags?post=12375"}],"curies":[{"name":"wp","href":"https:\/\/api.w.org\/{rel}","templated":true}]}}