{"id":12383,"date":"2015-06-04T15:10:50","date_gmt":"2015-06-04T15:10:50","guid":{"rendered":"https:\/\/www.vsacomunicacion.com\/en-breve-nuevo-emplazamiento-y-nueva-lona-publicitaria\/"},"modified":"2015-06-04T15:10:50","modified_gmt":"2015-06-04T15:10:50","slug":"en-breve-nuevo-emplazamiento-y-nueva-lona-publicitaria","status":"publish","type":"post","link":"https:\/\/www.vsacomunicacion.com\/en\/en-breve-nuevo-emplazamiento-y-nueva-lona-publicitaria\/","title":{"rendered":"En breve&#8230; Nuevo Emplazamiento y Nueva Lona Publicitaria"},"content":{"rendered":"<p style=\"text-align: justify;\"><strong>VSA COMUNICACION<\/strong>\u00a0fiel a su filosof\u00eda de la \u201cPermanente B\u00fasqueda de la Excelencia\u201d apuesta por reforzar y mejorar continuamente sus soportes publicitarios. En esta ocasi\u00f3n os informamos de la incorporaci\u00f3n de un nuevo emplazamiento en la\u00a0<strong>Plaza Francesc Macia, 10<\/strong> de Barcelona.<\/p>\n<p style=\"text-align: center;\"><a href=\"https:\/\/www.vsacomunicacion.com\/wp-content\/uploads\/2015\/06\/lona-publicitaria-barcelona-plaza-francesc-macia-faldon-blanco-vsa-comunicacion1.jpg\"><img fetchpriority=\"high\" decoding=\"async\" class=\"aligncenter  wp-image-1749\" title=\"lona-publicitaria-barcelona-plaza-francesc-macia-faldon-blanco-vsa-comunicacion\" alt=\"lona-publicitaria-barcelona-plaza-francesc-macia-faldon-blanco-vsa-comunicacion\" src=\"https:\/\/www.vsacomunicacion.com\/wp-content\/uploads\/2015\/06\/lona-publicitaria-barcelona-plaza-francesc-macia-faldon-blanco-vsa-comunicacion1.jpg\" width=\"615\" height=\"460\" srcset=\"https:\/\/www.vsacomunicacion.com\/wp-content\/uploads\/2015\/06\/lona-publicitaria-barcelona-plaza-francesc-macia-faldon-blanco-vsa-comunicacion1.jpg 1139w, https:\/\/www.vsacomunicacion.com\/wp-content\/uploads\/2015\/06\/lona-publicitaria-barcelona-plaza-francesc-macia-faldon-blanco-vsa-comunicacion1-300x224.jpg 300w, https:\/\/www.vsacomunicacion.com\/wp-content\/uploads\/2015\/06\/lona-publicitaria-barcelona-plaza-francesc-macia-faldon-blanco-vsa-comunicacion1-1024x766.jpg 1024w, https:\/\/www.vsacomunicacion.com\/wp-content\/uploads\/2015\/06\/lona-publicitaria-barcelona-plaza-francesc-macia-faldon-blanco-vsa-comunicacion1-768x574.jpg 768w\" sizes=\"(max-width: 615px) 100vw, 615px\" \/><\/a><\/p>\n<p style=\"text-align: justify;\">Este emplazamiento es, probablemente, uno de los emplazamientos m\u00e1s espectaculares de Barcelona, tanto por su superficie publicitaria, 1.100 m\u00b2 de lona publicitaria, como por su ubicaci\u00f3n, pues se encuentra en una de las zonas m\u00e1s prestigiosas y exclusivas de Barcelona.<\/p>\n<p style=\"text-align: justify;\"><!--more-->Al estar situado en la misma plaza la visibilidad es tanto por la Avenida Diagonal, considerada uno de los principales centros de negocio de la ciudad, donde oficinas, hoteles, entidades financieras y aseguradoras tienen sus principales sedes,\u00a0como por la Avenida Pau Casals direcci\u00f3n Avenida Josep Tarradellas, Plaza Espa\u00f1a, Estaci\u00f3n de Sants, Fira Montjuic, etc\u2026<\/p>\n<p style=\"text-align: justify;\">La actividad l\u00fadica de la zona re\u00fane adem\u00e1s, discotecas, numerosos bares y restaurantes de renombre.<\/p>\n<p style=\"text-align: justify;\">Extraordinariamente bien comunicado (paradas de autobuses diurnos y nocturnos, trambaix, paradas de taxis).<\/p>\n<p style=\"text-align: justify;\"><em>Ya os adelantamos que MUY pronto ver\u00e9is expuesta la primera lona publicitaria en la fachada de este fant\u00e1stico emplazamiento!!!<\/em><\/p>\n","protected":false},"excerpt":{"rendered":"<p>VSA COMUNICACION\u00a0fiel a su filosof\u00eda de la \u201cPermanente B\u00fasqueda de la Excelencia\u201d apuesta por reforzar y mejorar continuamente sus soportes publicitarios. En esta ocasi\u00f3n os informamos de la incorporaci\u00f3n de un nuevo emplazamiento en la\u00a0Plaza Francesc Macia, 10 de Barcelona. [&hellip;]<\/p>\n","protected":false},"author":3,"featured_media":7179,"comment_status":"closed","ping_status":"closed","sticky":false,"template":"","format":"standard","meta":{"inline_featured_image":false,"footnotes":""},"categories":[1506,1488],"tags":[1705,1706,1708,1581,1585],"class_list":["post-12383","post","type-post","status-publish","format-standard","has-post-thumbnail","hentry","category-barcelona-en","category-lonas-publicitarias-en","tag-centro-ciudad-en","tag-emplazamiento-premium-en","tag-formato-espectacular-en","tag-lonas-publicitarias-barcelona-en","tag-publicidad-exterior-en"],"_links":{"self":[{"href":"https:\/\/www.vsacomunicacion.com\/en\/wp-json\/wp\/v2\/posts\/12383"}],"collection":[{"href":"https:\/\/www.vsacomunicacion.com\/en\/wp-json\/wp\/v2\/posts"}],"about":[{"href":"https:\/\/www.vsacomunicacion.com\/en\/wp-json\/wp\/v2\/types\/post"}],"author":[{"embeddable":true,"href":"https:\/\/www.vsacomunicacion.com\/en\/wp-json\/wp\/v2\/users\/3"}],"replies":[{"embeddable":true,"href":"https:\/\/www.vsacomunicacion.com\/en\/wp-json\/wp\/v2\/comments?post=12383"}],"version-history":[{"count":0,"href":"https:\/\/www.vsacomunicacion.com\/en\/wp-json\/wp\/v2\/posts\/12383\/revisions"}],"wp:featuredmedia":[{"embeddable":true,"href":"https:\/\/www.vsacomunicacion.com\/en\/wp-json\/wp\/v2\/media\/7179"}],"wp:attachment":[{"href":"https:\/\/www.vsacomunicacion.com\/en\/wp-json\/wp\/v2\/media?parent=12383"}],"wp:term":[{"taxonomy":"category","embeddable":true,"href":"https:\/\/www.vsacomunicacion.com\/en\/wp-json\/wp\/v2\/categories?post=12383"},{"taxonomy":"post_tag","embeddable":true,"href":"https:\/\/www.vsacomunicacion.com\/en\/wp-json\/wp\/v2\/tags?post=12383"}],"curies":[{"name":"wp","href":"https:\/\/api.w.org\/{rel}","templated":true}]}}