{"id":12385,"date":"2015-06-01T09:59:28","date_gmt":"2015-06-01T09:59:28","guid":{"rendered":"https:\/\/www.vsacomunicacion.com\/lona-publicitaria-nike-en-plaza-cataluna\/"},"modified":"2015-06-01T09:59:28","modified_gmt":"2015-06-01T09:59:28","slug":"lona-publicitaria-nike-en-plaza-cataluna","status":"publish","type":"post","link":"https:\/\/www.vsacomunicacion.com\/en\/lona-publicitaria-nike-en-plaza-cataluna\/","title":{"rendered":"Lona Publicitaria NIKE en Plaza Catalu\u00f1a"},"content":{"rendered":"<p style=\"text-align: justify;\">El prestigioso emplazamiento de <strong>VSA COMUNICACION<\/strong> en la c\u00e9ntrica <strong>Plaza Catalu\u00f1a<\/strong> ha sido elegido por<strong> NIKE<\/strong> para presentarnos esta fant\u00e1stica lona publicitaria con la nueva equipaci\u00f3n del F.C. Barcelona para el 2015-2016.<\/p>\n<p style=\"text-align: center;\"><a href=\"https:\/\/www.vsacomunicacion.com\/wp-content\/uploads\/2015\/06\/lona-publicitaria-barcelona-nike-pelayo-dia-vsa-comunicacion.jpg\" target=\"_blank\" rel=\"noopener\"><img fetchpriority=\"high\" decoding=\"async\" class=\"aligncenter  wp-image-1511\" title=\"lona-publicitaria-barcelona-nike-pelayo-dia-vsa-comunicacion\" alt=\"lona-publicitaria-barcelona-nike-pelayo-dia-vsa-comunicacion\" src=\"https:\/\/www.vsacomunicacion.com\/wp-content\/uploads\/2015\/06\/lona-publicitaria-barcelona-nike-pelayo-dia-vsa-comunicacion.jpg\" width=\"599\" height=\"375\" srcset=\"https:\/\/www.vsacomunicacion.com\/wp-content\/uploads\/2015\/06\/lona-publicitaria-barcelona-nike-pelayo-dia-vsa-comunicacion.jpg 1024w, https:\/\/www.vsacomunicacion.com\/wp-content\/uploads\/2015\/06\/lona-publicitaria-barcelona-nike-pelayo-dia-vsa-comunicacion-300x188.jpg 300w, https:\/\/www.vsacomunicacion.com\/wp-content\/uploads\/2015\/06\/lona-publicitaria-barcelona-nike-pelayo-dia-vsa-comunicacion-768x482.jpg 768w\" sizes=\"(max-width: 599px) 100vw, 599px\" \/><\/a><\/p>\n<div>\n<p style=\"text-align: justify;\">Descubre la nueva camiseta que coleccionar\u00e1 victorias, pondr\u00e1 de pie a estadios enteros y har\u00e1 temblar a sus adversarios. Una camiseta <strong>Creada para Brillar<\/strong> y confeccionada con Tecnolog\u00eda de Refrigeraci\u00f3n.<\/p>\n<p style=\"text-align: justify;\"><!--more--><\/p>\n<p style=\"text-align: justify;\">Encontrar\u00e9is esta espectacular lona publicitaria en la confluencia de Pelayo, Ramblas y Plaza Catalu\u00f1a, la plaza m\u00e1s reconocida de la ciudad y punto neur\u00e1lgico de salida del Autob\u00fas tur\u00edstico, ferrocarriles de la Generalitat, metro, l\u00edneas de autob\u00fas al aeropuerto\u2026 Gran parte de la plaza est\u00e1 ocupada por el Centro Comercial El Corte Ingl\u00e9s, m\u00e1s importante de la ciudad condal. Las Ramblas es la calle m\u00e1s emblem\u00e1tica de la ciudad y Pelayo es una \u00a0de \u00a0las \u00a0calles comerciales \u00a0m\u00e1s \u00a0importantes \u00a0de \u00a0Barcelona, \u00a0donde \u00a0se encuentra, el famoso Centro Comercial TRIANGLE.<\/p>\n<\/div>\n<p><em style=\"text-align: justify;\">Creada para brillar. Hazte con la nueva 1\u00aa equipaci\u00f3n del FC Barcelona ahora: <a title=\"Nike-FCB\" href=\"http:\/\/www.nike.com\/es\/es_es\/c\/football\" target=\"_blank\" rel=\"noopener\">Nike.com<\/a> o en el <a title=\"FCB Megastore\" href=\"http:\/\/www.fcbmegastore.com\/ca\/\" target=\"_blank\" rel=\"noopener\">FCB Megastore<\/a> del Camp Nou!<\/em><\/p>\n","protected":false},"excerpt":{"rendered":"<p>El prestigioso emplazamiento de VSA COMUNICACION en la c\u00e9ntrica Plaza Catalu\u00f1a ha sido elegido por NIKE para presentarnos esta fant\u00e1stica lona publicitaria con la nueva equipaci\u00f3n del F.C. Barcelona para el 2015-2016. Descubre la nueva camiseta que coleccionar\u00e1 victorias, pondr\u00e1 [&hellip;]<\/p>\n","protected":false},"author":3,"featured_media":7169,"comment_status":"closed","ping_status":"closed","sticky":false,"template":"","format":"standard","meta":{"inline_featured_image":false,"footnotes":""},"categories":[1506,1488],"tags":[1704,1706,1656,1581,1553,1861,1585],"class_list":["post-12385","post","type-post","status-publish","format-standard","has-post-thumbnail","hentry","category-barcelona-en","category-lonas-publicitarias-en","tag-alto-prestigio-publicitario-en","tag-emplazamiento-premium-en","tag-lonas-gran-formato-en","tag-lonas-publicitarias-barcelona-en","tag-nike-en","tag-plaza-cataluna-en","tag-publicidad-exterior-en"],"_links":{"self":[{"href":"https:\/\/www.vsacomunicacion.com\/en\/wp-json\/wp\/v2\/posts\/12385"}],"collection":[{"href":"https:\/\/www.vsacomunicacion.com\/en\/wp-json\/wp\/v2\/posts"}],"about":[{"href":"https:\/\/www.vsacomunicacion.com\/en\/wp-json\/wp\/v2\/types\/post"}],"author":[{"embeddable":true,"href":"https:\/\/www.vsacomunicacion.com\/en\/wp-json\/wp\/v2\/users\/3"}],"replies":[{"embeddable":true,"href":"https:\/\/www.vsacomunicacion.com\/en\/wp-json\/wp\/v2\/comments?post=12385"}],"version-history":[{"count":0,"href":"https:\/\/www.vsacomunicacion.com\/en\/wp-json\/wp\/v2\/posts\/12385\/revisions"}],"wp:featuredmedia":[{"embeddable":true,"href":"https:\/\/www.vsacomunicacion.com\/en\/wp-json\/wp\/v2\/media\/7169"}],"wp:attachment":[{"href":"https:\/\/www.vsacomunicacion.com\/en\/wp-json\/wp\/v2\/media?parent=12385"}],"wp:term":[{"taxonomy":"category","embeddable":true,"href":"https:\/\/www.vsacomunicacion.com\/en\/wp-json\/wp\/v2\/categories?post=12385"},{"taxonomy":"post_tag","embeddable":true,"href":"https:\/\/www.vsacomunicacion.com\/en\/wp-json\/wp\/v2\/tags?post=12385"}],"curies":[{"name":"wp","href":"https:\/\/api.w.org\/{rel}","templated":true}]}}