{"id":12395,"date":"2015-05-08T11:49:12","date_gmt":"2015-05-08T11:49:12","guid":{"rendered":"https:\/\/www.vsacomunicacion.com\/pyms-de-nuevo-centro-en-valencia\/"},"modified":"2015-05-08T11:49:12","modified_gmt":"2015-05-08T11:49:12","slug":"pyms-de-nuevo-centro-en-valencia","status":"publish","type":"post","link":"https:\/\/www.vsacomunicacion.com\/en\/pyms-de-nuevo-centro-en-valencia\/","title":{"rendered":"Pym&#8217;s de NUEVO CENTRO en Valencia"},"content":{"rendered":"<p style=\"text-align: justify;\">Como ya os anticipamos en\u00a0un <a title=\"Rebajas en NUEVO CENTRO con nuestras PYMs de Valencia\" href=\"https:\/\/www.vsacomunicacion.com\/rebajas-en-nuevo-centro-con-nuestras-pyms-de-valencia\/\">blog anterior<\/a>\u00a0<a title=\"Web Nuevo Centro\" href=\"http:\/\/www.nuevocentro.es\/\" target=\"_blank\" rel=\"noopener\"><strong>NUEVO CENTRO<\/strong><\/a> eligi\u00f3 varios PYM&#8217;S del <strong>Circuito Urbano de Valencia<\/strong> de <strong>VSA COMUNICACION<\/strong>.<\/p>\n<p style=\"text-align: left;\"><img fetchpriority=\"high\" decoding=\"async\" class=\"aligncenter wp-image-1307\" src=\"https:\/\/www.vsacomunicacion.com\/wp-content\/uploads\/2015\/05\/pym-medianera-publicidad-exterior-nuevo-centro-cambio-creatividad-valencia-vsa-comunicacion.jpg\" alt=\"pym-medianera-publicidad-exterior-nuevo-centro-cambio-creatividad-valencia-vsa-comunicacion\" width=\"607\" height=\"615\" srcset=\"https:\/\/www.vsacomunicacion.com\/wp-content\/uploads\/2015\/05\/pym-medianera-publicidad-exterior-nuevo-centro-cambio-creatividad-valencia-vsa-comunicacion.jpg 800w, https:\/\/www.vsacomunicacion.com\/wp-content\/uploads\/2015\/05\/pym-medianera-publicidad-exterior-nuevo-centro-cambio-creatividad-valencia-vsa-comunicacion-296x300.jpg 296w, https:\/\/www.vsacomunicacion.com\/wp-content\/uploads\/2015\/05\/pym-medianera-publicidad-exterior-nuevo-centro-cambio-creatividad-valencia-vsa-comunicacion-768x779.jpg 768w\" sizes=\"(max-width: 607px) 100vw, 607px\" \/>Entre ellos se encuentra el emplazamiento ubicado en la Avenida del Puerto, una de las avenidas mas importante de Valencia y en direcci\u00f3n al Puerto. Con gran densidad de tr\u00e1fico rodado por ser la \u00fanica v\u00eda hacia el Puerto, Barrio del Caba\u00f1al, \u00a0playas de las Arenas y Malvarrosa.<\/p>\n<p style=\"text-align: left;\"><!--more--><\/p>\n<p style=\"text-align: justify;\">El resultado de la uni\u00f3n de esfuerzos, ilusiones, profesionalidad y trabajo de todos los que conviven en el centro comercial, su oferta comercial y su buena promoci\u00f3n han convertido a NUEVO CENTRO en todo un referente no s\u00f3lo en Valencia, sino tambi\u00e9n en provincias lim\u00edtrofes como Castell\u00f3n, Cuenca, Teruel, Albacete y Alicante.<\/p>\n<p>El verdadero \u00e9xito de NUEVO CENTRO se debe a la convivencia a lo largo de\u00a0m\u00e1s de 20\u00a0a\u00f1os entre los grandes, medianos y peque\u00f1os comerciantes establecidos en el Centro Comercial.<\/p>\n<p><strong><em>\u00bfC\u00d3MO TE VES ESTE<\/em> VERANO?<\/strong><\/p>\n","protected":false},"excerpt":{"rendered":"<p>Como ya os anticipamos en\u00a0un blog anterior\u00a0NUEVO CENTRO eligi\u00f3 varios PYM&#8217;S del Circuito Urbano de Valencia de VSA COMUNICACION. Entre ellos se encuentra el emplazamiento ubicado en la Avenida del Puerto, una de las avenidas mas importante de Valencia y [&hellip;]<\/p>\n","protected":false},"author":3,"featured_media":7153,"comment_status":"closed","ping_status":"closed","sticky":false,"template":"","format":"standard","meta":{"inline_featured_image":false,"footnotes":""},"categories":[1593,1640],"tags":[1781,1993,1565,1934,1671],"class_list":["post-12395","post","type-post","status-publish","format-standard","has-post-thumbnail","hentry","category-pyms-en","category-valencia-en","tag-circuito-urbano-en","tag-nuevo-centro-en","tag-publicidad-ciudades-en","tag-pyms-valencia-en","tag-trafico-rodado-en"],"_links":{"self":[{"href":"https:\/\/www.vsacomunicacion.com\/en\/wp-json\/wp\/v2\/posts\/12395"}],"collection":[{"href":"https:\/\/www.vsacomunicacion.com\/en\/wp-json\/wp\/v2\/posts"}],"about":[{"href":"https:\/\/www.vsacomunicacion.com\/en\/wp-json\/wp\/v2\/types\/post"}],"author":[{"embeddable":true,"href":"https:\/\/www.vsacomunicacion.com\/en\/wp-json\/wp\/v2\/users\/3"}],"replies":[{"embeddable":true,"href":"https:\/\/www.vsacomunicacion.com\/en\/wp-json\/wp\/v2\/comments?post=12395"}],"version-history":[{"count":0,"href":"https:\/\/www.vsacomunicacion.com\/en\/wp-json\/wp\/v2\/posts\/12395\/revisions"}],"wp:featuredmedia":[{"embeddable":true,"href":"https:\/\/www.vsacomunicacion.com\/en\/wp-json\/wp\/v2\/media\/7153"}],"wp:attachment":[{"href":"https:\/\/www.vsacomunicacion.com\/en\/wp-json\/wp\/v2\/media?parent=12395"}],"wp:term":[{"taxonomy":"category","embeddable":true,"href":"https:\/\/www.vsacomunicacion.com\/en\/wp-json\/wp\/v2\/categories?post=12395"},{"taxonomy":"post_tag","embeddable":true,"href":"https:\/\/www.vsacomunicacion.com\/en\/wp-json\/wp\/v2\/tags?post=12395"}],"curies":[{"name":"wp","href":"https:\/\/api.w.org\/{rel}","templated":true}]}}