{"id":12396,"date":"2015-05-06T20:49:37","date_gmt":"2015-05-06T20:49:37","guid":{"rendered":"https:\/\/www.vsacomunicacion.com\/pyms-para-ballantines-en-valencia\/"},"modified":"2015-05-06T20:49:37","modified_gmt":"2015-05-06T20:49:37","slug":"pyms-para-ballantines-en-valencia","status":"publish","type":"post","link":"https:\/\/www.vsacomunicacion.com\/en\/pyms-para-ballantines-en-valencia\/","title":{"rendered":"Pym&#8217;s para BALLANTINE&#8217;S en Valencia"},"content":{"rendered":"<p style=\"text-align: justify;\">Hace unos d\u00edas os\u00a0inform\u00e1bamos de la puesta en marcha\u00a0de un\u00a0<strong>Circuito de PYM&#8217;s a Nivel Nacional<\/strong>\u00a0de<strong>\u00a0VSA COMUNICACION<\/strong>\u00a0para\u00a0<a title=\"Web Ballantine&#039;s\" href=\"http:\/\/www.ballantines.com\/es\" target=\"_blank\" rel=\"noopener\"><strong>BALLANTINE&#8217;S<\/strong><\/a> y os presentamos uno de los emplazamientos del <a title=\"PYM\u2019s para BALLANTINE\u2019S en M\u00e1laga\" href=\"https:\/\/www.vsacomunicacion.com\/pyms-para-ballantines-en-malaga\/\">Circuito de M\u00e1laga<\/a>, ahora es el turno de mostraros el <strong>Circuito Urbano de Valencia<\/strong>.<\/p>\n<p style=\"text-align: justify;\"><a href=\"https:\/\/www.vsacomunicacion.com\/wp-content\/uploads\/2015\/05\/pym-medianera-publicidad-exterior-ballantines-valencia-vsa-comunicacion.jpg\" target=\"_blank\" rel=\"noopener\"><img fetchpriority=\"high\" decoding=\"async\" class=\"aligncenter  wp-image-1378\" title=\"pym-medianera-publicidad-exterior-ballantines-valencia-vsa-comunicacion\" alt=\"pym-medianera-publicidad-exterior-ballantines-valencia-vsa-comunicacion\" src=\"https:\/\/www.vsacomunicacion.com\/wp-content\/uploads\/2015\/05\/pym-medianera-publicidad-exterior-ballantines-valencia-vsa-comunicacion.jpg\" width=\"741\" height=\"656\" srcset=\"https:\/\/www.vsacomunicacion.com\/wp-content\/uploads\/2015\/05\/pym-medianera-publicidad-exterior-ballantines-valencia-vsa-comunicacion.jpg 1024w, https:\/\/www.vsacomunicacion.com\/wp-content\/uploads\/2015\/05\/pym-medianera-publicidad-exterior-ballantines-valencia-vsa-comunicacion-300x266.jpg 300w, https:\/\/www.vsacomunicacion.com\/wp-content\/uploads\/2015\/05\/pym-medianera-publicidad-exterior-ballantines-valencia-vsa-comunicacion-768x680.jpg 768w\" sizes=\"(max-width: 741px) 100vw, 741px\" \/><\/a>Este emplazamiento de gran visibilidad\u00a0desde larga distancia est\u00e1 ubicado en\u00a0la Avenida Constituci\u00f3n de\u00a0la N- 340 Ctra. de Barcelona-Castell\u00f3n (antigua V\u00eda Augusta). Recoge todo el tr\u00e1fico de las poblaciones del \u00e1rea metropolitana del Norte de Valencia: Tavernes Blanques, Masamagrell Foios, Rafelbu\u00f1ol, Casas de Barcenas, Puzol, el Puig etc.<\/p>\n<p style=\"text-align: justify;\"><!--more--><\/p>\n<p style=\"text-align: justify;\">El arte de mezclar siempre form\u00f3 parte de la naturaleza de <strong>Geroge Ballantine&#8217;s<\/strong>. Desde ni\u00f1o lo hac\u00eda combinando diferentes tipos de t\u00e9, m\u00e1s tarde empez\u00f3 con las maltas una vez que descubri\u00f3 la audacia que viene de creer en uno mismo.<\/p>\n<p style=\"text-align: justify;\"><strong><em>&#8220;Se tu mismo, se aut\u00e9ntico, se genuino y las historias de tu vida merecer\u00e1n un brindis&#8221;<\/em><\/strong><\/p>\n<p>&nbsp;<\/p>\n","protected":false},"excerpt":{"rendered":"<p>Hace unos d\u00edas os\u00a0inform\u00e1bamos de la puesta en marcha\u00a0de un\u00a0Circuito de PYM&#8217;s a Nivel Nacional\u00a0de\u00a0VSA COMUNICACION\u00a0para\u00a0BALLANTINE&#8217;S y os presentamos uno de los emplazamientos del Circuito de M\u00e1laga, ahora es el turno de mostraros el Circuito Urbano de Valencia. Este emplazamiento [&hellip;]<\/p>\n","protected":false},"author":3,"featured_media":7154,"comment_status":"closed","ping_status":"closed","sticky":false,"template":"","format":"standard","meta":{"inline_featured_image":false,"footnotes":""},"categories":[1593,1640],"tags":[2082,1781,1586,1934],"class_list":["post-12396","post","type-post","status-publish","format-standard","has-post-thumbnail","hentry","category-pyms-en","category-valencia-en","tag-ballantines-en","tag-circuito-urbano-en","tag-publicidad-urbana-en","tag-pyms-valencia-en"],"_links":{"self":[{"href":"https:\/\/www.vsacomunicacion.com\/en\/wp-json\/wp\/v2\/posts\/12396"}],"collection":[{"href":"https:\/\/www.vsacomunicacion.com\/en\/wp-json\/wp\/v2\/posts"}],"about":[{"href":"https:\/\/www.vsacomunicacion.com\/en\/wp-json\/wp\/v2\/types\/post"}],"author":[{"embeddable":true,"href":"https:\/\/www.vsacomunicacion.com\/en\/wp-json\/wp\/v2\/users\/3"}],"replies":[{"embeddable":true,"href":"https:\/\/www.vsacomunicacion.com\/en\/wp-json\/wp\/v2\/comments?post=12396"}],"version-history":[{"count":0,"href":"https:\/\/www.vsacomunicacion.com\/en\/wp-json\/wp\/v2\/posts\/12396\/revisions"}],"wp:featuredmedia":[{"embeddable":true,"href":"https:\/\/www.vsacomunicacion.com\/en\/wp-json\/wp\/v2\/media\/7154"}],"wp:attachment":[{"href":"https:\/\/www.vsacomunicacion.com\/en\/wp-json\/wp\/v2\/media?parent=12396"}],"wp:term":[{"taxonomy":"category","embeddable":true,"href":"https:\/\/www.vsacomunicacion.com\/en\/wp-json\/wp\/v2\/categories?post=12396"},{"taxonomy":"post_tag","embeddable":true,"href":"https:\/\/www.vsacomunicacion.com\/en\/wp-json\/wp\/v2\/tags?post=12396"}],"curies":[{"name":"wp","href":"https:\/\/api.w.org\/{rel}","templated":true}]}}