{"id":12399,"date":"2015-05-04T08:54:10","date_gmt":"2015-05-04T08:54:10","guid":{"rendered":"https:\/\/www.vsacomunicacion.com\/lona-publicitaria-ray-ban-en-barcelona\/"},"modified":"2015-05-04T08:54:10","modified_gmt":"2015-05-04T08:54:10","slug":"lona-publicitaria-ray-ban-en-barcelona","status":"publish","type":"post","link":"https:\/\/www.vsacomunicacion.com\/en\/lona-publicitaria-ray-ban-en-barcelona\/","title":{"rendered":"Lona Publicitaria RAY-BAN en Barcelona"},"content":{"rendered":"<p style=\"text-align: justify;\">Aprovechando la agradable temperatura de estos d\u00edas de mayo, desde <strong>VSA COMUNICACION<\/strong> os invitamos a que deis un paseo por la c\u00e9ntrica y comercial<strong> Calle Pelayo<\/strong> de Barcelona.<\/p>\n<p style=\"text-align: center;\"><a href=\"https:\/\/www.vsacomunicacion.com\/wp-content\/uploads\/2015\/05\/lona-publicitaria-barcelona-ray-ban-pelayo-1-vsa-comunicacion1.jpg\" target=\"_blank\" rel=\"noopener\"><img fetchpriority=\"high\" decoding=\"async\" class=\"aligncenter  wp-image-1419\" title=\"lona-publicitaria-barcelona-ray-ban-pelayo-1-vsa-comunicacion\" alt=\"lona-publicitaria-barcelona-ray-ban-pelayo-1-vsa-comunicacion\" src=\"https:\/\/www.vsacomunicacion.com\/wp-content\/uploads\/2015\/05\/lona-publicitaria-barcelona-ray-ban-pelayo-1-vsa-comunicacion1.jpg\" width=\"604\" height=\"481\" srcset=\"https:\/\/www.vsacomunicacion.com\/wp-content\/uploads\/2015\/05\/lona-publicitaria-barcelona-ray-ban-pelayo-1-vsa-comunicacion1.jpg 1024w, https:\/\/www.vsacomunicacion.com\/wp-content\/uploads\/2015\/05\/lona-publicitaria-barcelona-ray-ban-pelayo-1-vsa-comunicacion1-300x239.jpg 300w, https:\/\/www.vsacomunicacion.com\/wp-content\/uploads\/2015\/05\/lona-publicitaria-barcelona-ray-ban-pelayo-1-vsa-comunicacion1-768x612.jpg 768w\" sizes=\"(max-width: 604px) 100vw, 604px\" \/><\/a><\/p>\n<p style=\"text-align: justify;\">En esta zona altamente comercial y tur\u00edstica, en pleno centro de la ciudad, junto a Las Ramblas, y al lado del Centro Comercial\u00a0Sfera, El Triangle y El Corte Ingl\u00e9s de Plaza Catalu\u00f1a, encontrar\u00e9is esta fant\u00e1stica\u00a0<strong>Lona Publicitaria<\/strong>\u00a0de\u00a0<strong>RAY-BAN<\/strong>\u00a0en la que, en esta ocasi\u00f3n, nos presenta &#8220;<a title=\"Lona Publicitaria Ray-Ban Wayfarer\" href=\"http:\/\/www.ray-ban.com\/international\/products\/sun?vw=grid&amp;sbf=wayfarer\" target=\"_blank\" rel=\"noopener\"><strong>Transparent Wayfarer<\/strong><\/a>&#8220;, uno de sus fant\u00e1sticos modelos que, adem\u00e1s, podr\u00e9is personalizar a vuestro gusto en su <a title=\"Web Ray-Ban Wayfarer\" href=\"http:\/\/www.ray-ban.com\/spain\/gafas-de-sol\/wayfarer\/clv\" target=\"_blank\" rel=\"noopener\">p\u00e1giba web.<\/a><\/p>\n<p style=\"text-align: justify;\"><!--more--><\/p>\n<p style=\"text-align: justify;\">Desde <strong>RAY-BAN<\/strong> nos animan a compartir con ellos nuestras campa\u00f1as m\u00e1s divertidas, raras, serias, lo que se nos ocurra, sin l\u00edmites&#8230;. Con ello podremos conseguir viajes y muchas cosas m\u00e1s.\u00a0<a title=\"Twitter Campagin4change Ray-Ban\" href=\"https:\/\/twitter.com\/hashtag\/campaign4change?f=realtime\" target=\"_blank\" rel=\"noopener\"><strong><em>#campaign4change<\/em><\/strong><\/a><\/p>\n<p style=\"text-align: justify;\"><strong><em>THE ORDER OF NEVER HIDE!!<\/em><\/strong><\/p>\n<p>&nbsp;<\/p>\n<p>&nbsp;<\/p>\n<p>&nbsp;<\/p>\n","protected":false},"excerpt":{"rendered":"<p>Aprovechando la agradable temperatura de estos d\u00edas de mayo, desde VSA COMUNICACION os invitamos a que deis un paseo por la c\u00e9ntrica y comercial Calle Pelayo de Barcelona. En esta zona altamente comercial y tur\u00edstica, en pleno centro de la [&hellip;]<\/p>\n","protected":false},"author":3,"featured_media":7158,"comment_status":"closed","ping_status":"closed","sticky":false,"template":"","format":"standard","meta":{"inline_featured_image":false,"footnotes":""},"categories":[1506,1488],"tags":[1705,1693,1581,1861,1987],"class_list":["post-12399","post","type-post","status-publish","format-standard","has-post-thumbnail","hentry","category-barcelona-en","category-lonas-publicitarias-en","tag-centro-ciudad-en","tag-gran-formato-en","tag-lonas-publicitarias-barcelona-en","tag-plaza-cataluna-en","tag-ray-ban-en"],"_links":{"self":[{"href":"https:\/\/www.vsacomunicacion.com\/en\/wp-json\/wp\/v2\/posts\/12399"}],"collection":[{"href":"https:\/\/www.vsacomunicacion.com\/en\/wp-json\/wp\/v2\/posts"}],"about":[{"href":"https:\/\/www.vsacomunicacion.com\/en\/wp-json\/wp\/v2\/types\/post"}],"author":[{"embeddable":true,"href":"https:\/\/www.vsacomunicacion.com\/en\/wp-json\/wp\/v2\/users\/3"}],"replies":[{"embeddable":true,"href":"https:\/\/www.vsacomunicacion.com\/en\/wp-json\/wp\/v2\/comments?post=12399"}],"version-history":[{"count":0,"href":"https:\/\/www.vsacomunicacion.com\/en\/wp-json\/wp\/v2\/posts\/12399\/revisions"}],"wp:featuredmedia":[{"embeddable":true,"href":"https:\/\/www.vsacomunicacion.com\/en\/wp-json\/wp\/v2\/media\/7158"}],"wp:attachment":[{"href":"https:\/\/www.vsacomunicacion.com\/en\/wp-json\/wp\/v2\/media?parent=12399"}],"wp:term":[{"taxonomy":"category","embeddable":true,"href":"https:\/\/www.vsacomunicacion.com\/en\/wp-json\/wp\/v2\/categories?post=12399"},{"taxonomy":"post_tag","embeddable":true,"href":"https:\/\/www.vsacomunicacion.com\/en\/wp-json\/wp\/v2\/tags?post=12399"}],"curies":[{"name":"wp","href":"https:\/\/api.w.org\/{rel}","templated":true}]}}