{"id":12402,"date":"2015-04-02T11:56:49","date_gmt":"2015-04-02T11:56:49","guid":{"rendered":"https:\/\/www.vsacomunicacion.com\/circuito-pyms-con-beeafeater-in-edit-en-barcelona\/"},"modified":"2015-04-02T11:56:49","modified_gmt":"2015-04-02T11:56:49","slug":"circuito-pyms-con-beeafeater-in-edit-en-barcelona","status":"publish","type":"post","link":"https:\/\/www.vsacomunicacion.com\/en\/circuito-pyms-con-beeafeater-in-edit-en-barcelona\/","title":{"rendered":"Circuito PYM&#8217;s con BEEAFEATER IN-EDIT en Barcelona"},"content":{"rendered":"<p style=\"text-align: justify;\">El Circuito de <strong>PYM&#8217;S\u00a0<\/strong>de \u00a0<strong>VSA COMUNICACION<\/strong>\u00a0ha sido el soporte de publicidad exterior escogido por\u00a0<strong>BEEFEATER,\u00a0<\/strong>una vez m\u00e1s, como patrocinador oficial de<strong><a title=\"Beefeater In-Edit\" href=\"http:\/\/www.in-edit.org\/webapp\/\" target=\"_blank\" rel=\"noopener\">\u00a0BEEFEATER IN-EDIT<\/a>,<\/strong> para presentar el Festival con el mejor cine documental nacional.<\/p>\n<p style=\"text-align: center;\"><a href=\"https:\/\/www.vsacomunicacion.com\/wp-content\/uploads\/2015\/04\/pym-medianera-publicidad-exterior-beefeater-in-edit-festival-barcelona-abril-2015-vsa-comunicacion.jpg\" target=\"_blank\" rel=\"noopener\"><img fetchpriority=\"high\" decoding=\"async\" class=\"aligncenter  wp-image-1435\" title=\"pym-medianera-publicidad-exterior-beefeater-in-edit-festival-barcelona-abril-2015-vsa-comunicacion\" alt=\"pym-medianera-publicidad-exterior-beefeater-in-edit-festival-barcelona-abril-2015-vsa-comunicacion\" src=\"https:\/\/www.vsacomunicacion.com\/wp-content\/uploads\/2015\/04\/pym-medianera-publicidad-exterior-beefeater-in-edit-festival-barcelona-abril-2015-vsa-comunicacion.jpg\" width=\"581\" height=\"525\" srcset=\"https:\/\/www.vsacomunicacion.com\/wp-content\/uploads\/2015\/04\/pym-medianera-publicidad-exterior-beefeater-in-edit-festival-barcelona-abril-2015-vsa-comunicacion.jpg 1024w, https:\/\/www.vsacomunicacion.com\/wp-content\/uploads\/2015\/04\/pym-medianera-publicidad-exterior-beefeater-in-edit-festival-barcelona-abril-2015-vsa-comunicacion-300x271.jpg 300w, https:\/\/www.vsacomunicacion.com\/wp-content\/uploads\/2015\/04\/pym-medianera-publicidad-exterior-beefeater-in-edit-festival-barcelona-abril-2015-vsa-comunicacion-768x695.jpg 768w\" sizes=\"(max-width: 581px) 100vw, 581px\" \/><\/a><\/p>\n<p style=\"text-align: justify;\">Hace unos meses ya hicimos referencia a la <a title=\"Circuito PYM\u2019s con BEEAFEATER IN-EDIT\" href=\"https:\/\/www.vsacomunicacion.com\/circuito-pyms-con-beeafeater-in-edit\/\">duod\u00e9cima edici\u00f3n del Festival BEEFEATER IN-EDIT<\/a> resultando todo un \u00e9xito con una asistencia de casi 33.000 espectadores.<\/p>\n<p style=\"text-align: justify;\"><!--more--><\/p>\n<p style=\"text-align: justify;\"><strong>BEEFEATER IN-EDIT<\/strong> nunca descansa!! Entre las muchas novedades que nos presentan destacamos el estreno del documental sobre Kurt Cobain,<strong>\u00a0<\/strong><em><strong>Montage of Heck<\/strong>,<\/em>\u00a0el documental definitivo sobre el l\u00edder de Nirvana.<\/p>\n<p style=\"text-align: justify;\">Disponen de entradas para el preestreno en Madrid el lunes 13 de abril y para el estreno en Barcelona el 23 de abril.<\/p>\n<p style=\"text-align: justify;\">Por cierto,\u00a0el preestreno de Madrid contar\u00e1 con la presencia del director del film Brett Morgen y, despu\u00e9s de la proyecci\u00f3n, BEEFEATER ofrecer\u00e1 a los asistentes unos fant\u00e1sticos gin-tonics.<\/p>\n<p style=\"text-align: justify;\">Para conseguirlas solo ten\u00e9is que entrar en su\u00a0<a href=\"https:\/\/www.facebook.com\/InEditFestival\" target=\"_blank\" rel=\"noopener\">Facebook<\/a>\u00a0y\/o\u00a0<a href=\"https:\/\/twitter.com\/ineditbeefeater\" target=\"_blank\" rel=\"noopener\">Twitter<\/a>.<\/p>\n<p style=\"text-align: justify;\"><strong><em>Nosotros no nos lo perderemos&#8230; Y t\u00fa?<\/em><\/strong><\/p>\n","protected":false},"excerpt":{"rendered":"<p>El Circuito de PYM&#8217;S\u00a0de \u00a0VSA COMUNICACION\u00a0ha sido el soporte de publicidad exterior escogido por\u00a0BEEFEATER,\u00a0una vez m\u00e1s, como patrocinador oficial de\u00a0BEEFEATER IN-EDIT, para presentar el Festival con el mejor cine documental nacional. Hace unos meses ya hicimos referencia a la duod\u00e9cima [&hellip;]<\/p>\n","protected":false},"author":3,"featured_media":7161,"comment_status":"closed","ping_status":"closed","sticky":false,"template":"","format":"standard","meta":{"inline_featured_image":false,"footnotes":""},"categories":[1506,1593],"tags":[2270,1693,1694,1585,1586,1702],"class_list":["post-12402","post","type-post","status-publish","format-standard","has-post-thumbnail","hentry","category-barcelona-en","category-pyms-en","tag-beefeater-in-edit-en","tag-gran-formato-en","tag-gran-notoriedad-en","tag-publicidad-exterior-en","tag-publicidad-urbana-en","tag-pyms-barcelona-en"],"_links":{"self":[{"href":"https:\/\/www.vsacomunicacion.com\/en\/wp-json\/wp\/v2\/posts\/12402"}],"collection":[{"href":"https:\/\/www.vsacomunicacion.com\/en\/wp-json\/wp\/v2\/posts"}],"about":[{"href":"https:\/\/www.vsacomunicacion.com\/en\/wp-json\/wp\/v2\/types\/post"}],"author":[{"embeddable":true,"href":"https:\/\/www.vsacomunicacion.com\/en\/wp-json\/wp\/v2\/users\/3"}],"replies":[{"embeddable":true,"href":"https:\/\/www.vsacomunicacion.com\/en\/wp-json\/wp\/v2\/comments?post=12402"}],"version-history":[{"count":0,"href":"https:\/\/www.vsacomunicacion.com\/en\/wp-json\/wp\/v2\/posts\/12402\/revisions"}],"wp:featuredmedia":[{"embeddable":true,"href":"https:\/\/www.vsacomunicacion.com\/en\/wp-json\/wp\/v2\/media\/7161"}],"wp:attachment":[{"href":"https:\/\/www.vsacomunicacion.com\/en\/wp-json\/wp\/v2\/media?parent=12402"}],"wp:term":[{"taxonomy":"category","embeddable":true,"href":"https:\/\/www.vsacomunicacion.com\/en\/wp-json\/wp\/v2\/categories?post=12402"},{"taxonomy":"post_tag","embeddable":true,"href":"https:\/\/www.vsacomunicacion.com\/en\/wp-json\/wp\/v2\/tags?post=12402"}],"curies":[{"name":"wp","href":"https:\/\/api.w.org\/{rel}","templated":true}]}}