{"id":12404,"date":"2015-03-30T08:43:36","date_gmt":"2015-03-30T08:43:36","guid":{"rendered":"https:\/\/www.vsacomunicacion.com\/circuito-urvan-de-valencia-con-yoigo\/"},"modified":"2015-03-30T08:43:36","modified_gmt":"2015-03-30T08:43:36","slug":"circuito-urvan-de-valencia-con-yoigo","status":"publish","type":"post","link":"https:\/\/www.vsacomunicacion.com\/en\/circuito-urvan-de-valencia-con-yoigo\/","title":{"rendered":"Circuito URVAN de Valencia con YOIGO"},"content":{"rendered":"<p style=\"text-align: justify;\">El operador de telefon\u00eda m\u00f3vil <strong>YOIGO<\/strong> ha confiado una vez m\u00e1s en los soportes de publicidad exterior de <strong>VSA COMUNICACION<\/strong>, en este caso, ha optado por el Circuito <strong>UR<span style=\"color: #ff0000;\">VA<\/span>N<\/strong> de <strong>Valencia<\/strong>,\u00a0compuesto por emplazamientos espec\u00edficamente elegidos para conseguir la m\u00e1xima notoriedad, para presentarnos la<a title=\"Ver Tarifa Sinf\u00edn YOIGO\" href=\"http:\/\/www.yoigo.com\/tarifas\/tarifas-de-contrato\/la-sinfin\/\" target=\"_blank\" rel=\"noopener\"> &#8220;<strong>Tarifa Sinf\u00edn<\/strong>&#8220;<\/a><\/p>\n<p style=\"text-align: center;\"><a href=\"https:\/\/www.vsacomunicacion.com\/wp-content\/uploads\/2015\/03\/pym-medianera-publicidad-exterior-yoigo-valencia-vsa-comunicacion.jpg\" target=\"_blank\" rel=\"noopener\"><img fetchpriority=\"high\" decoding=\"async\" class=\"aligncenter  wp-image-1186\" title=\"Publicidad Exterior: Circuito URVAN en Barcelona para YOIGO, a trav\u00e9s de soportes Pym\u2019s colocados en paredes medianeras de c\u00e9ntricos edificios.\" alt=\"Publicidad Exterior: Circuito URVAN en Barcelona para YOIGO, a trav\u00e9s de soportes Pym\u2019s colocados en paredes medianeras de c\u00e9ntricos edificios.\" src=\"https:\/\/www.vsacomunicacion.com\/wp-content\/uploads\/2015\/03\/pym-medianera-publicidad-exterior-yoigo-valencia-vsa-comunicacion.jpg\" width=\"620\" height=\"488\" srcset=\"https:\/\/www.vsacomunicacion.com\/wp-content\/uploads\/2015\/03\/pym-medianera-publicidad-exterior-yoigo-valencia-vsa-comunicacion.jpg 800w, https:\/\/www.vsacomunicacion.com\/wp-content\/uploads\/2015\/03\/pym-medianera-publicidad-exterior-yoigo-valencia-vsa-comunicacion-300x236.jpg 300w, https:\/\/www.vsacomunicacion.com\/wp-content\/uploads\/2015\/03\/pym-medianera-publicidad-exterior-yoigo-valencia-vsa-comunicacion-768x605.jpg 768w\" sizes=\"(max-width: 620px) 100vw, 620px\" \/><\/a><\/p>\n<p style=\"text-align: justify;\"><!--more--><\/p>\n<p style=\"text-align: justify;\"><strong>YOIGO<\/strong> est\u00e1 presente en las calles de las ciudades de VALENCIA, a trav\u00e9s de nuestro Circuito URVAN, y en las de BARCELONA, con la lona publicitaria que os present\u00e1bamos hace unos d\u00edas, <a title=\"Lona Publicitaria YOIGO en Paseo de Gracia\" href=\"https:\/\/www.vsacomunicacion.com\/lona-publicitaria-yoigo-en-paseo-de-gracia\/\" target=\"_blank\" rel=\"noopener\">primero<\/a> dando la bienvenida a los asistentes a la MWC2015 y, posteriormente, present\u00e1ndonos su <a title=\"Nueva Lona Publicitaria YOIGO en Paseo de Gracia\" href=\"https:\/\/www.vsacomunicacion.com\/lona-publicitaria-yoigo-en-paseo-de-gracia-2\/\" target=\"_blank\" rel=\"noopener\">Tarifa Sinf\u00edn <\/a>de la que ya os hablamos en el anterior post.<\/p>\n<p style=\"text-align: justify;\"><em>En YOIGO se caracterizan por ser diferentes, hacer las cosas de manera diferente\u2026 Para los que tambi\u00e9n son diferentes!!!!<\/em><\/p>\n","protected":false},"excerpt":{"rendered":"<p>El operador de telefon\u00eda m\u00f3vil YOIGO ha confiado una vez m\u00e1s en los soportes de publicidad exterior de VSA COMUNICACION, en este caso, ha optado por el Circuito URVAN de Valencia,\u00a0compuesto por emplazamientos espec\u00edficamente elegidos para conseguir la m\u00e1xima notoriedad, [&hellip;]<\/p>\n","protected":false},"author":3,"featured_media":7144,"comment_status":"closed","ping_status":"closed","sticky":false,"template":"","format":"standard","meta":{"inline_featured_image":false,"footnotes":""},"categories":[2069,1640],"tags":[1781,1694,1599,2380],"class_list":["post-12404","post","type-post","status-publish","format-standard","has-post-thumbnail","hentry","category-urvan-en","category-valencia-en","tag-circuito-urbano-en","tag-gran-notoriedad-en","tag-publicidad-gran-formato-en","tag-urvan-valencia-en"],"_links":{"self":[{"href":"https:\/\/www.vsacomunicacion.com\/en\/wp-json\/wp\/v2\/posts\/12404"}],"collection":[{"href":"https:\/\/www.vsacomunicacion.com\/en\/wp-json\/wp\/v2\/posts"}],"about":[{"href":"https:\/\/www.vsacomunicacion.com\/en\/wp-json\/wp\/v2\/types\/post"}],"author":[{"embeddable":true,"href":"https:\/\/www.vsacomunicacion.com\/en\/wp-json\/wp\/v2\/users\/3"}],"replies":[{"embeddable":true,"href":"https:\/\/www.vsacomunicacion.com\/en\/wp-json\/wp\/v2\/comments?post=12404"}],"version-history":[{"count":0,"href":"https:\/\/www.vsacomunicacion.com\/en\/wp-json\/wp\/v2\/posts\/12404\/revisions"}],"wp:featuredmedia":[{"embeddable":true,"href":"https:\/\/www.vsacomunicacion.com\/en\/wp-json\/wp\/v2\/media\/7144"}],"wp:attachment":[{"href":"https:\/\/www.vsacomunicacion.com\/en\/wp-json\/wp\/v2\/media?parent=12404"}],"wp:term":[{"taxonomy":"category","embeddable":true,"href":"https:\/\/www.vsacomunicacion.com\/en\/wp-json\/wp\/v2\/categories?post=12404"},{"taxonomy":"post_tag","embeddable":true,"href":"https:\/\/www.vsacomunicacion.com\/en\/wp-json\/wp\/v2\/tags?post=12404"}],"curies":[{"name":"wp","href":"https:\/\/api.w.org\/{rel}","templated":true}]}}