{"id":12405,"date":"2015-03-26T10:58:00","date_gmt":"2015-03-26T10:58:00","guid":{"rendered":"https:\/\/www.vsacomunicacion.com\/urvan-con-el-festival-de-cap-roig\/"},"modified":"2015-03-26T10:58:00","modified_gmt":"2015-03-26T10:58:00","slug":"urvan-con-el-festival-de-cap-roig","status":"publish","type":"post","link":"https:\/\/www.vsacomunicacion.com\/en\/urvan-con-el-festival-de-cap-roig\/","title":{"rendered":"Circuito PYM&#8217;s de VSA con El FESTIVAL DE CAP ROIG"},"content":{"rendered":"<p style=\"text-align: justify;\">Algunos de los emplazamientos del fant\u00e1stico\u00a0<strong>Circuito Urbano de PYM&#8217;s<\/strong>\u00a0de\u00a0<strong>Barcelona<\/strong>\u00a0han sido cuidadosamente elegidos para informar de la programaci\u00f3n del pr\u00f3ximo\u00a0<a title=\"FESTIVAL DE CAP ROIG.\" href=\"http:\/\/www.caproigfestival.com\/\" target=\"_blank\" rel=\"noopener\"><strong>FESTIVAL DE CAP ROIG.<\/strong><\/a><\/p>\n<p style=\"text-align: center;\"><a href=\"https:\/\/www.vsacomunicacion.com\/wp-content\/uploads\/2015\/03\/pym-medianera-publicidad-exterior-plaza-bonanova-cap-roig-cerca-barcelona-vsa-comunicacion.jpg\" target=\"_blank\" rel=\"noopener\"><img fetchpriority=\"high\" decoding=\"async\" class=\"aligncenter  wp-image-1193\" title=\"Publicidad Exterior: Circuito URVAN en Barcelona para EL FESTIVAL DE CAP ROIG, a trav\u00e9s de soportes Pym\u2019s colocados en paredes medianeras de c\u00e9ntricos edificios.\" alt=\"Publicidad Exterior: Circuito URVAN en Barcelona para EL FESTIVAL DE CAP ROIG, a trav\u00e9s de soportes Pym\u2019s colocados en paredes medianeras de c\u00e9ntricos edificios.\" src=\"https:\/\/www.vsacomunicacion.com\/wp-content\/uploads\/2015\/03\/pym-medianera-publicidad-exterior-plaza-bonanova-cap-roig-cerca-barcelona-vsa-comunicacion.jpg\" width=\"614\" height=\"410\" srcset=\"https:\/\/www.vsacomunicacion.com\/wp-content\/uploads\/2015\/03\/pym-medianera-publicidad-exterior-plaza-bonanova-cap-roig-cerca-barcelona-vsa-comunicacion.jpg 1024w, https:\/\/www.vsacomunicacion.com\/wp-content\/uploads\/2015\/03\/pym-medianera-publicidad-exterior-plaza-bonanova-cap-roig-cerca-barcelona-vsa-comunicacion-300x200.jpg 300w, https:\/\/www.vsacomunicacion.com\/wp-content\/uploads\/2015\/03\/pym-medianera-publicidad-exterior-plaza-bonanova-cap-roig-cerca-barcelona-vsa-comunicacion-768x513.jpg 768w\" sizes=\"(max-width: 614px) 100vw, 614px\" \/><\/a><\/p>\n<p style=\"text-align: justify;\">Nos alegra especialmente que el <strong>FESTIVAL DE CAP ROIG<\/strong>, haya escogido este emplazamiento, la <a title=\"Continuamos reforzando el Circuito URVAN de Barcelona\" href=\"https:\/\/www.vsacomunicacion.com\/continuamos-reforzando-circuito-urvan-de-barcelona\/\" target=\"_blank\" rel=\"noopener\">Plaza Bonanova 3,<\/a> por ser de las \u00faltimas incorporaciones al Circuito <b>de PYM&#8217;s\u00a0<\/b>de<strong> VSA COMUNICACION<\/strong> tras haber rehabilitado su fachada.<\/p>\n<p style=\"text-align: justify;\"><!--more--><\/p>\n<p style=\"text-align: justify;\">El\u00a0<strong>Festival de Cap Roig<\/strong>\u00a0es el mayor evento musical del a\u00f1o y el festival de referencia en nuestro pa\u00eds.<\/p>\n<p style=\"text-align: justify;\"><span style=\"text-align: justify;\">Con su incre\u00edble\u00a0escenario al aire libre y capacidad para m\u00e1s de 2.000 espectadores re\u00fane a los mejores artistas del mundo de la m\u00fasica en un impresionante paraje natural de 17 hect\u00e1reas de superficie frente al mar en uno de los jardines bot\u00e1nicos m\u00e1s importantes del Mediterr\u00e1neo en la poblaci\u00f3n de Calella de Palafrugell (Baix Empord\u00e0)<\/span><\/p>\n<p style=\"text-align: justify;\">En esta ocasi\u00f3n el Festival se celebrar\u00e1 del 10 de julio al 16 de agosto dando el pistoletazo de salida el primer fin de semana nada menos que con los artistas internacionales Sting y Ben Harper seguidos por un dueto que seguro no dejar\u00e1 indiferente formado por Lady Gaga y Tonny Bennett.<\/p>\n<p style=\"text-align: justify;\">Las semanas siguientes asistir\u00e1n cantantes nacionales e internacionales de la talla de Pablo Albor\u00e1n, Miguel Bos\u00e9, Passenger y Alejandro Sanz entre otros.<\/p>\n","protected":false},"excerpt":{"rendered":"<p>Algunos de los emplazamientos del fant\u00e1stico\u00a0Circuito Urbano de PYM&#8217;s\u00a0de\u00a0Barcelona\u00a0han sido cuidadosamente elegidos para informar de la programaci\u00f3n del pr\u00f3ximo\u00a0FESTIVAL DE CAP ROIG. Nos alegra especialmente que el FESTIVAL DE CAP ROIG, haya escogido este emplazamiento, la Plaza Bonanova 3, por [&hellip;]<\/p>\n","protected":false},"author":3,"featured_media":7146,"comment_status":"closed","ping_status":"closed","sticky":false,"template":"","format":"standard","meta":{"inline_featured_image":false,"footnotes":""},"categories":[1506,1593],"tags":[1664,1915,1694,1586,1702],"class_list":["post-12405","post","type-post","status-publish","format-standard","has-post-thumbnail","hentry","category-barcelona-en","category-pyms-en","tag-campana-publicitaria-en","tag-cap-roig-en","tag-gran-notoriedad-en","tag-publicidad-urbana-en","tag-pyms-barcelona-en"],"_links":{"self":[{"href":"https:\/\/www.vsacomunicacion.com\/en\/wp-json\/wp\/v2\/posts\/12405"}],"collection":[{"href":"https:\/\/www.vsacomunicacion.com\/en\/wp-json\/wp\/v2\/posts"}],"about":[{"href":"https:\/\/www.vsacomunicacion.com\/en\/wp-json\/wp\/v2\/types\/post"}],"author":[{"embeddable":true,"href":"https:\/\/www.vsacomunicacion.com\/en\/wp-json\/wp\/v2\/users\/3"}],"replies":[{"embeddable":true,"href":"https:\/\/www.vsacomunicacion.com\/en\/wp-json\/wp\/v2\/comments?post=12405"}],"version-history":[{"count":0,"href":"https:\/\/www.vsacomunicacion.com\/en\/wp-json\/wp\/v2\/posts\/12405\/revisions"}],"wp:featuredmedia":[{"embeddable":true,"href":"https:\/\/www.vsacomunicacion.com\/en\/wp-json\/wp\/v2\/media\/7146"}],"wp:attachment":[{"href":"https:\/\/www.vsacomunicacion.com\/en\/wp-json\/wp\/v2\/media?parent=12405"}],"wp:term":[{"taxonomy":"category","embeddable":true,"href":"https:\/\/www.vsacomunicacion.com\/en\/wp-json\/wp\/v2\/categories?post=12405"},{"taxonomy":"post_tag","embeddable":true,"href":"https:\/\/www.vsacomunicacion.com\/en\/wp-json\/wp\/v2\/tags?post=12405"}],"curies":[{"name":"wp","href":"https:\/\/api.w.org\/{rel}","templated":true}]}}