{"id":12409,"date":"2015-03-12T06:48:30","date_gmt":"2015-03-12T06:48:30","guid":{"rendered":"https:\/\/www.vsacomunicacion.com\/continuamos-reforzando-circuito-urvan-de-barcelona\/"},"modified":"2015-03-12T06:48:30","modified_gmt":"2015-03-12T06:48:30","slug":"continuamos-reforzando-circuito-urvan-de-barcelona","status":"publish","type":"post","link":"https:\/\/www.vsacomunicacion.com\/en\/continuamos-reforzando-circuito-urvan-de-barcelona\/","title":{"rendered":"Continuamos reforzando el Circuito URVAN de Barcelona"},"content":{"rendered":"<p style=\"text-align: justify;\"><strong>VSA COMUNICACION<\/strong>\u00a0fiel a su filosof\u00eda de la &#8220;Permanente B\u00fasqueda de la Excelencia&#8221; apuesta por reforzar y mejorar el\u00a0<strong>Circuito Urbano UR<span style=\"color: #ff0000;\">VA<\/span>N<\/strong>\u00a0incorporando un nuevo emplazamiento en la\u00a0<strong>Plaza Bonanova, 3<\/strong>.<\/p>\n<p style=\"text-align: justify;\">Se encuentra ubicado en la parte alta de la ciudad, en el barrio de Sant Gervasi &#8211; La Bonanova, zona con gran concentraci\u00f3n de colegios y Universidades y cercano a entradas y salidas de la Ronda de Dalt, tanto direcci\u00f3n Bes\u00f3s como direcci\u00f3n Llobregat.<\/p>\n<p style=\"text-align: justify;\">Os mostramos las im\u00e1genes de la fachada antes y despu\u00e9s de su rehabilitaci\u00f3n hasta la llegada de la primera campa\u00f1a de publicidad, su post estar\u00e1 listo muy pronto.<\/p>\n<p style=\"text-align: justify;\"><!--more--><\/p>\n<p style=\"text-align: center;\"><a href=\"https:\/\/www.vsacomunicacion.com\/wp-content\/uploads\/2015\/03\/pym-medianera-publicidad-exterior-plaza-bonanova-antes-barcelona-vsa-comunicacion.jpg\" target=\"_blank\" rel=\"noopener\"><img fetchpriority=\"high\" decoding=\"async\" class=\"aligncenter  wp-image-1150\" title=\"Publicidad Exterior: Reforzamos el Circuito URVAN en Barcelona\" alt=\"Publicidad Exterior: Reforzamos el Circuito URVAN en Barcelona\" src=\"https:\/\/www.vsacomunicacion.com\/wp-content\/uploads\/2015\/03\/pym-medianera-publicidad-exterior-plaza-bonanova-antes-barcelona-vsa-comunicacion.jpg\" width=\"590\" height=\"442\" srcset=\"https:\/\/www.vsacomunicacion.com\/wp-content\/uploads\/2015\/03\/pym-medianera-publicidad-exterior-plaza-bonanova-antes-barcelona-vsa-comunicacion.jpg 1024w, https:\/\/www.vsacomunicacion.com\/wp-content\/uploads\/2015\/03\/pym-medianera-publicidad-exterior-plaza-bonanova-antes-barcelona-vsa-comunicacion-300x225.jpg 300w, https:\/\/www.vsacomunicacion.com\/wp-content\/uploads\/2015\/03\/pym-medianera-publicidad-exterior-plaza-bonanova-antes-barcelona-vsa-comunicacion-768x576.jpg 768w\" sizes=\"(max-width: 590px) 100vw, 590px\" \/><\/a><\/p>\n<p style=\"text-align: justify;\">Espacio visible desde Paseo Bonanova direcci\u00f3n Avenida Tibidado.<\/p>\n<p style=\"text-align: center;\"><a href=\"https:\/\/www.vsacomunicacion.com\/wp-content\/uploads\/2015\/03\/pym-medianera-publicidad-exterior-plaza-bonanova-despues-barcelona-vsa-comunicacion.jpg\"><img decoding=\"async\" class=\"aligncenter  wp-image-1151\" title=\"pym-medianera-publicidad-exterior-plaza-bonanova-despues-barcelona-vsa-comunicacion\" alt=\"pym-medianera-publicidad-exterior-plaza-bonanova-despues-barcelona-vsa-comunicacion\" src=\"https:\/\/www.vsacomunicacion.com\/wp-content\/uploads\/2015\/03\/pym-medianera-publicidad-exterior-plaza-bonanova-despues-barcelona-vsa-comunicacion.jpg\" width=\"580\" height=\"567\" srcset=\"https:\/\/www.vsacomunicacion.com\/wp-content\/uploads\/2015\/03\/pym-medianera-publicidad-exterior-plaza-bonanova-despues-barcelona-vsa-comunicacion.jpg 2237w, https:\/\/www.vsacomunicacion.com\/wp-content\/uploads\/2015\/03\/pym-medianera-publicidad-exterior-plaza-bonanova-despues-barcelona-vsa-comunicacion-300x293.jpg 300w, https:\/\/www.vsacomunicacion.com\/wp-content\/uploads\/2015\/03\/pym-medianera-publicidad-exterior-plaza-bonanova-despues-barcelona-vsa-comunicacion-1024x1000.jpg 1024w, https:\/\/www.vsacomunicacion.com\/wp-content\/uploads\/2015\/03\/pym-medianera-publicidad-exterior-plaza-bonanova-despues-barcelona-vsa-comunicacion-768x750.jpg 768w, https:\/\/www.vsacomunicacion.com\/wp-content\/uploads\/2015\/03\/pym-medianera-publicidad-exterior-plaza-bonanova-despues-barcelona-vsa-comunicacion-1536x1500.jpg 1536w\" sizes=\"(max-width: 580px) 100vw, 580px\" \/><\/a><\/p>\n<p style=\"text-align: justify;\">\n","protected":false},"excerpt":{"rendered":"<p>VSA COMUNICACION\u00a0fiel a su filosof\u00eda de la &#8220;Permanente B\u00fasqueda de la Excelencia&#8221; apuesta por reforzar y mejorar el\u00a0Circuito Urbano URVAN\u00a0incorporando un nuevo emplazamiento en la\u00a0Plaza Bonanova, 3. Se encuentra ubicado en la parte alta de la ciudad, en el barrio [&hellip;]<\/p>\n","protected":false},"author":3,"featured_media":7143,"comment_status":"closed","ping_status":"closed","sticky":false,"template":"","format":"standard","meta":{"inline_featured_image":false,"footnotes":""},"categories":[1506,2069],"tags":[1781,1585,2072],"class_list":["post-12409","post","type-post","status-publish","format-standard","has-post-thumbnail","hentry","category-barcelona-en","category-urvan-en","tag-circuito-urbano-en","tag-publicidad-exterior-en","tag-urvan-barcelona-en"],"_links":{"self":[{"href":"https:\/\/www.vsacomunicacion.com\/en\/wp-json\/wp\/v2\/posts\/12409"}],"collection":[{"href":"https:\/\/www.vsacomunicacion.com\/en\/wp-json\/wp\/v2\/posts"}],"about":[{"href":"https:\/\/www.vsacomunicacion.com\/en\/wp-json\/wp\/v2\/types\/post"}],"author":[{"embeddable":true,"href":"https:\/\/www.vsacomunicacion.com\/en\/wp-json\/wp\/v2\/users\/3"}],"replies":[{"embeddable":true,"href":"https:\/\/www.vsacomunicacion.com\/en\/wp-json\/wp\/v2\/comments?post=12409"}],"version-history":[{"count":0,"href":"https:\/\/www.vsacomunicacion.com\/en\/wp-json\/wp\/v2\/posts\/12409\/revisions"}],"wp:featuredmedia":[{"embeddable":true,"href":"https:\/\/www.vsacomunicacion.com\/en\/wp-json\/wp\/v2\/media\/7143"}],"wp:attachment":[{"href":"https:\/\/www.vsacomunicacion.com\/en\/wp-json\/wp\/v2\/media?parent=12409"}],"wp:term":[{"taxonomy":"category","embeddable":true,"href":"https:\/\/www.vsacomunicacion.com\/en\/wp-json\/wp\/v2\/categories?post=12409"},{"taxonomy":"post_tag","embeddable":true,"href":"https:\/\/www.vsacomunicacion.com\/en\/wp-json\/wp\/v2\/tags?post=12409"}],"curies":[{"name":"wp","href":"https:\/\/api.w.org\/{rel}","templated":true}]}}