{"id":12414,"date":"2015-03-01T21:05:39","date_gmt":"2015-03-01T21:05:39","guid":{"rendered":"https:\/\/www.vsacomunicacion.com\/ampliamos-el-circuito-urvan-de-barcelona\/"},"modified":"2015-03-01T21:05:39","modified_gmt":"2015-03-01T21:05:39","slug":"ampliamos-el-circuito-urvan-de-barcelona","status":"publish","type":"post","link":"https:\/\/www.vsacomunicacion.com\/en\/ampliamos-el-circuito-urvan-de-barcelona\/","title":{"rendered":"Ampliamos el Circuito URVAN de Barcelona"},"content":{"rendered":"<p style=\"text-align: justify;\"><strong>VSA COMUNICACION<\/strong> refuerza el\u00a0<strong>Circuito Urbano UR<span style=\"color: #ff0000;\">VA<\/span>N\u00a0de\u00a0Barcelona<\/strong> incorporando un nuevo emplazamiento en la <strong>Calle Lleida, 3 \/ Avenida Paralelo<\/strong>.<\/p>\n<p style=\"text-align: justify;\">Edificio ubicado en la v\u00eda de enlace entre la Gran V\u00eda de Barcelona, Plaza Espa\u00f1a y la zona del Puerto de Barcelona, visible para los veh\u00edculos de entrada y salida de la ciudad direcci\u00f3n aeropuerto.<\/p>\n<p style=\"text-align: justify;\">En pocos d\u00edas os informaremos de la primera campa\u00f1a de publicidad expuesta en este nuevo e incre\u00edble emplazamiento. De momento, os mostramos las im\u00e1genes de la fachada antes y despu\u00e9s de ser rehabilitada para que pod\u00e1is apreciar vosotros mismos el cambio.<\/p>\n<p style=\"text-align: justify;\"><!--more--><\/p>\n<p style=\"text-align: center;\"><a href=\"https:\/\/www.vsacomunicacion.com\/wp-content\/uploads\/2015\/03\/pym-medianera-publicidad-exterior-calle-lerida-antes-barcelona-vsa-comunicacion.jpg\" target=\"_blank\" rel=\"noopener\"><img fetchpriority=\"high\" decoding=\"async\" class=\"aligncenter  wp-image-1114\" title=\"Publicidad Exterior: Reforzamos el Circuito Urbano URVAN de Barcelona incorporando un nuevo emplazamiento en la Calle Lleida\" alt=\"Publicidad Exterior: Reforzamos el Circuito Urbano URVAN de Barcelona incorporando un nuevo emplazamiento en la Calle Lleida\" src=\"https:\/\/www.vsacomunicacion.com\/wp-content\/uploads\/2015\/03\/pym-medianera-publicidad-exterior-calle-lerida-antes-barcelona-vsa-comunicacion.jpg\" width=\"591\" height=\"443\" srcset=\"https:\/\/www.vsacomunicacion.com\/wp-content\/uploads\/2015\/03\/pym-medianera-publicidad-exterior-calle-lerida-antes-barcelona-vsa-comunicacion.jpg 1024w, https:\/\/www.vsacomunicacion.com\/wp-content\/uploads\/2015\/03\/pym-medianera-publicidad-exterior-calle-lerida-antes-barcelona-vsa-comunicacion-300x225.jpg 300w, https:\/\/www.vsacomunicacion.com\/wp-content\/uploads\/2015\/03\/pym-medianera-publicidad-exterior-calle-lerida-antes-barcelona-vsa-comunicacion-768x576.jpg 768w\" sizes=\"(max-width: 591px) 100vw, 591px\" \/><\/a><\/p>\n<p>Situado justo al lado de la<strong>\u00a0FIRA de Barcelona<\/strong>\u00a0(Montju\u00efc), zona en la que se encuentran numerosos restaurantes, bares y hoteles.<\/p>\n<p>Adem\u00e1s, la Avenida del Paralelo est\u00e1\u00a0considerada como zona de ocio y espect\u00e1culos (teatros, cabarets y bares de encuentro de artistas).<\/p>\n<p style=\"text-align: center;\"><a href=\"https:\/\/www.vsacomunicacion.com\/wp-content\/uploads\/2015\/03\/pym-medianera-publicidad-exterior-calle-lerida-despues-barcelona-vsa-comunicacion.jpg\" target=\"_blank\" rel=\"noopener\"><img decoding=\"async\" class=\"aligncenter  wp-image-1115\" title=\"Publicidad Exterior: Reforzamos el Circuito Urbano URVAN de Barcelona incorporando un nuevo emplazamiento en la Avenida Paralelo\" alt=\"Publicidad Exterior: Reforzamos el Circuito Urbano URVAN de Barcelona incorporando un nuevo emplazamiento en la Avenida Paralelo\" src=\"https:\/\/www.vsacomunicacion.com\/wp-content\/uploads\/2015\/03\/pym-medianera-publicidad-exterior-calle-lerida-despues-barcelona-vsa-comunicacion.jpg\" width=\"593\" height=\"465\" srcset=\"https:\/\/www.vsacomunicacion.com\/wp-content\/uploads\/2015\/03\/pym-medianera-publicidad-exterior-calle-lerida-despues-barcelona-vsa-comunicacion.jpg 1024w, https:\/\/www.vsacomunicacion.com\/wp-content\/uploads\/2015\/03\/pym-medianera-publicidad-exterior-calle-lerida-despues-barcelona-vsa-comunicacion-300x236.jpg 300w, https:\/\/www.vsacomunicacion.com\/wp-content\/uploads\/2015\/03\/pym-medianera-publicidad-exterior-calle-lerida-despues-barcelona-vsa-comunicacion-768x603.jpg 768w\" sizes=\"(max-width: 593px) 100vw, 593px\" \/><\/a><\/p>\n","protected":false},"excerpt":{"rendered":"<p>VSA COMUNICACION refuerza el\u00a0Circuito Urbano URVAN\u00a0de\u00a0Barcelona incorporando un nuevo emplazamiento en la Calle Lleida, 3 \/ Avenida Paralelo. Edificio ubicado en la v\u00eda de enlace entre la Gran V\u00eda de Barcelona, Plaza Espa\u00f1a y la zona del Puerto de Barcelona, [&hellip;]<\/p>\n","protected":false},"author":3,"featured_media":7139,"comment_status":"closed","ping_status":"closed","sticky":false,"template":"","format":"standard","meta":{"inline_featured_image":false,"footnotes":""},"categories":[1506,2069],"tags":[1781,1585,2072],"class_list":["post-12414","post","type-post","status-publish","format-standard","has-post-thumbnail","hentry","category-barcelona-en","category-urvan-en","tag-circuito-urbano-en","tag-publicidad-exterior-en","tag-urvan-barcelona-en"],"_links":{"self":[{"href":"https:\/\/www.vsacomunicacion.com\/en\/wp-json\/wp\/v2\/posts\/12414"}],"collection":[{"href":"https:\/\/www.vsacomunicacion.com\/en\/wp-json\/wp\/v2\/posts"}],"about":[{"href":"https:\/\/www.vsacomunicacion.com\/en\/wp-json\/wp\/v2\/types\/post"}],"author":[{"embeddable":true,"href":"https:\/\/www.vsacomunicacion.com\/en\/wp-json\/wp\/v2\/users\/3"}],"replies":[{"embeddable":true,"href":"https:\/\/www.vsacomunicacion.com\/en\/wp-json\/wp\/v2\/comments?post=12414"}],"version-history":[{"count":0,"href":"https:\/\/www.vsacomunicacion.com\/en\/wp-json\/wp\/v2\/posts\/12414\/revisions"}],"wp:featuredmedia":[{"embeddable":true,"href":"https:\/\/www.vsacomunicacion.com\/en\/wp-json\/wp\/v2\/media\/7139"}],"wp:attachment":[{"href":"https:\/\/www.vsacomunicacion.com\/en\/wp-json\/wp\/v2\/media?parent=12414"}],"wp:term":[{"taxonomy":"category","embeddable":true,"href":"https:\/\/www.vsacomunicacion.com\/en\/wp-json\/wp\/v2\/categories?post=12414"},{"taxonomy":"post_tag","embeddable":true,"href":"https:\/\/www.vsacomunicacion.com\/en\/wp-json\/wp\/v2\/tags?post=12414"}],"curies":[{"name":"wp","href":"https:\/\/api.w.org\/{rel}","templated":true}]}}