{"id":12416,"date":"2015-02-11T12:08:54","date_gmt":"2015-02-11T12:08:54","guid":{"rendered":"https:\/\/www.vsacomunicacion.com\/pym-para-accor-hoteles-en-madrid\/"},"modified":"2015-02-11T12:08:54","modified_gmt":"2015-02-11T12:08:54","slug":"pym-para-accor-hoteles-en-madrid","status":"publish","type":"post","link":"https:\/\/www.vsacomunicacion.com\/en\/pym-para-accor-hoteles-en-madrid\/","title":{"rendered":"Pym para ACCOR HOTELES en Madrid"},"content":{"rendered":"<div style=\"text-align: justify;\">\n<p>Os presentamos el magn\u00edfico emplazamiento del <strong>Circuito Urbano de PYM&#8217;s<\/strong> de <strong>VSA COMUNICACION<\/strong> situado en la Avenida P\u00edo XII de <strong>Madrid<\/strong>, en la Zona Norte de la ciudad, con una visibilidad frontal desde los carriles\u00a0centrales de la M-30.<\/p>\n<\/div>\n<div style=\"text-align: justify;\"><a style=\"color: #074d7c; cursor: pointer; text-align: center;\" href=\"https:\/\/www.vsacomunicacion.com\/wp-content\/uploads\/2015\/02\/pym-medianera-publicidad-exterior-ibis-madrid-vsa-comunicacion.jpg\" target=\"_blank\" rel=\"noopener\"><img fetchpriority=\"high\" decoding=\"async\" class=\"aligncenter  wp-image-1043\" title=\"Publicidad Exterior: Pym en Madrid para ACCOR HOTELES, ubicado en pared medianera de un c\u00e9ntrico edificio\" alt=\"Publicidad Exterior: Pym en Madrid para ACCOR HOTELES, ubicado en pared medianera de un c\u00e9ntrico edificio\" src=\"https:\/\/www.vsacomunicacion.com\/wp-content\/uploads\/2015\/02\/pym-medianera-publicidad-exterior-ibis-madrid-vsa-comunicacion.jpg\" width=\"581\" height=\"362\" srcset=\"https:\/\/www.vsacomunicacion.com\/wp-content\/uploads\/2015\/02\/pym-medianera-publicidad-exterior-ibis-madrid-vsa-comunicacion.jpg 1024w, https:\/\/www.vsacomunicacion.com\/wp-content\/uploads\/2015\/02\/pym-medianera-publicidad-exterior-ibis-madrid-vsa-comunicacion-300x187.jpg 300w, https:\/\/www.vsacomunicacion.com\/wp-content\/uploads\/2015\/02\/pym-medianera-publicidad-exterior-ibis-madrid-vsa-comunicacion-768x479.jpg 768w\" sizes=\"(max-width: 581px) 100vw, 581px\" \/><\/a><\/div>\n<p style=\"text-align: justify;\"><!--more-->La ubicaci\u00f3n y tama\u00f1o del bastidor del emplazamiento hacen posible que, de una forma r\u00e1pida y con una visibilidad perfecta, podamos seguir las indicaciones para llegar a\u00a0<strong>IBIS MADRID CENTRO LAS VENTAS<\/strong>\u00a0o \u00a0<strong>IBIS BUDGET MADRID CENTRO LAS VENTAS<\/strong>.<\/p>\n<div style=\"text-align: justify;\"><strong>Hotel<\/strong> &#8211;<a title=\"IBIS HOTEL VSA COMUNICACION PM\" href=\"http:\/\/www.accorhotels.com\/es\/hotel-7438-ibis-madrid-centro-las-ventas\/index.shtml\" target=\"_blank\" rel=\"noopener\"> <strong>Ibis Madrid Centro las Ventas<\/strong><\/a><\/div>\n<div style=\"text-align: justify;\">Se encuentra cerca del Centro de la capital, en una excelente localizaci\u00f3n junto a la Plaza de Toros y la Calle Alcal\u00e1.\u00a0Bien comunicado a trav\u00e9s de autob\u00fas y metro con todos los puntos de inter\u00e9s tur\u00edstico de la ciudad.<\/div>\n<div style=\"text-align: justify;\">Sus habitaciones est\u00e1n totalmente equipadas para el confort y descanso de sus clientes, con aire acondicionado, calefacci\u00f3n, TV LCD y WiFi.<\/div>\n<div style=\"text-align: justify;\">Adem\u00e1s dispone de parking y un fant\u00e1stico buffet libre para desayunar.<\/div>\n<div style=\"text-align: justify;\"><\/div>\n<div style=\"text-align: justify;\"><strong>Hotel &#8211;<\/strong><a title=\"IBIS BUDGET HOTEL VSA COMUNICACION PM\" href=\"http:\/\/www.accorhotels.com\/es\/hotel-6506-ibis-budget-madrid-centro-las-ventas\/index.shtml\" target=\"_blank\" rel=\"noopener\"> <strong>Ibis budget Madrid Centro las Ventas<\/strong><\/a><\/div>\n<div id=\"description\" style=\"text-align: justify;\">Est\u00e1 situado junto a la Plaza de Las Ventas y la Calle Alcal\u00e1, frente a la parada de metro El Carmen, a 10 minutos de la Puerta del Sol y los principales museos y zonas comerciales.<\/div>\n<div style=\"text-align: justify;\">Sus habitaciones est\u00e1n dise\u00f1adas para el confort de sus clientes y equipadas con todas las comodidades: aire acondicionado, calefacci\u00f3n, TV y WiFi.<\/div>\n<div style=\"text-align: justify;\">Opci\u00f3n a desayuno buffet a bajo precio.Un hotel econ\u00f3mico en el Centro de Madrid<\/div>\n","protected":false},"excerpt":{"rendered":"<p>Os presentamos el magn\u00edfico emplazamiento del Circuito Urbano de PYM&#8217;s de VSA COMUNICACION situado en la Avenida P\u00edo XII de Madrid, en la Zona Norte de la ciudad, con una visibilidad frontal desde los carriles\u00a0centrales de la M-30.<\/p>\n","protected":false},"author":3,"featured_media":7132,"comment_status":"closed","ping_status":"closed","sticky":false,"template":"","format":"standard","meta":{"inline_featured_image":false,"footnotes":""},"categories":[1489,1593],"tags":[2403,1781,1694,1676,1677,1671],"class_list":["post-12416","post","type-post","status-publish","format-standard","has-post-thumbnail","hentry","category-madrid-en","category-pyms-en","tag-campana-ibis-hoteles-en","tag-circuito-urbano-en","tag-gran-notoriedad-en","tag-pyms-2-en","tag-pyms-madrid-en","tag-trafico-rodado-en"],"_links":{"self":[{"href":"https:\/\/www.vsacomunicacion.com\/en\/wp-json\/wp\/v2\/posts\/12416"}],"collection":[{"href":"https:\/\/www.vsacomunicacion.com\/en\/wp-json\/wp\/v2\/posts"}],"about":[{"href":"https:\/\/www.vsacomunicacion.com\/en\/wp-json\/wp\/v2\/types\/post"}],"author":[{"embeddable":true,"href":"https:\/\/www.vsacomunicacion.com\/en\/wp-json\/wp\/v2\/users\/3"}],"replies":[{"embeddable":true,"href":"https:\/\/www.vsacomunicacion.com\/en\/wp-json\/wp\/v2\/comments?post=12416"}],"version-history":[{"count":0,"href":"https:\/\/www.vsacomunicacion.com\/en\/wp-json\/wp\/v2\/posts\/12416\/revisions"}],"wp:featuredmedia":[{"embeddable":true,"href":"https:\/\/www.vsacomunicacion.com\/en\/wp-json\/wp\/v2\/media\/7132"}],"wp:attachment":[{"href":"https:\/\/www.vsacomunicacion.com\/en\/wp-json\/wp\/v2\/media?parent=12416"}],"wp:term":[{"taxonomy":"category","embeddable":true,"href":"https:\/\/www.vsacomunicacion.com\/en\/wp-json\/wp\/v2\/categories?post=12416"},{"taxonomy":"post_tag","embeddable":true,"href":"https:\/\/www.vsacomunicacion.com\/en\/wp-json\/wp\/v2\/tags?post=12416"}],"curies":[{"name":"wp","href":"https:\/\/api.w.org\/{rel}","templated":true}]}}