{"id":12418,"date":"2015-01-19T12:44:49","date_gmt":"2015-01-19T12:44:49","guid":{"rendered":"https:\/\/www.vsacomunicacion.com\/100-anos-de-neon\/"},"modified":"2015-01-19T12:44:49","modified_gmt":"2015-01-19T12:44:49","slug":"100-anos-de-neon","status":"publish","type":"post","link":"https:\/\/www.vsacomunicacion.com\/en\/100-anos-de-neon\/","title":{"rendered":"100 a\u00f1os de NEON"},"content":{"rendered":"<p style=\"text-align: justify;\">Hoy se cumplen 100 a\u00f1os del descubrimiento de un invento revolucionario que cambi\u00f3 radicalmente la industria de la <strong>publicidad exterior<\/strong>: el\u00a0<strong><a title=\"neon\" href=\"https:\/\/www.vsacomunicacion.com\/es\/productos-rotulos-luminosos\" target=\"_blank\" rel=\"noopener\">ne\u00f3n<\/a><\/strong>.<\/p>\n<p style=\"text-align: justify;\">Os mostramos algunos de los r\u00f3tulos luminosos de ne\u00f3n m\u00e1s emblem\u00e1ticos de\u00a0<strong>VSA COMUNICACION\u00a0<\/strong>que siempre formar\u00e1n parte de nuestra historia:<\/p>\n<p style=\"text-align: justify;\">El r\u00f3tulo <strong>CAMPARI\u00a0<\/strong>de la <strong>PLAZA CATALU\u00d1A<\/strong>:<\/p>\n<p style=\"text-align: center;\"><a href=\"https:\/\/www.vsacomunicacion.com\/wp-content\/uploads\/2015\/01\/rotulo-luminoso-neon-campari-plaza-cataluna-barcelona-vsa-comunicacion.jpg\" target=\"_blank\" rel=\"noopener\"><img fetchpriority=\"high\" decoding=\"async\" class=\"aligncenter wp-image-1203\" title=\"Publicidad Exterior: R\u00f3tulo CAMPARI de la PLAZA CATALU\u00d1A \u2013 Barcelona\" src=\"https:\/\/www.vsacomunicacion.com\/wp-content\/uploads\/2015\/01\/rotulo-luminoso-neon-campari-plaza-cataluna-barcelona-vsa-comunicacion.jpg\" alt=\"Publicidad Exterior: R\u00f3tulo CAMPARI de la PLAZA CATALU\u00d1A \u2013 Barcelona\" width=\"609\" height=\"811\" srcset=\"https:\/\/www.vsacomunicacion.com\/wp-content\/uploads\/2015\/01\/rotulo-luminoso-neon-campari-plaza-cataluna-barcelona-vsa-comunicacion.jpg 800w, https:\/\/www.vsacomunicacion.com\/wp-content\/uploads\/2015\/01\/rotulo-luminoso-neon-campari-plaza-cataluna-barcelona-vsa-comunicacion-225x300.jpg 225w, https:\/\/www.vsacomunicacion.com\/wp-content\/uploads\/2015\/01\/rotulo-luminoso-neon-campari-plaza-cataluna-barcelona-vsa-comunicacion-769x1024.jpg 769w, https:\/\/www.vsacomunicacion.com\/wp-content\/uploads\/2015\/01\/rotulo-luminoso-neon-campari-plaza-cataluna-barcelona-vsa-comunicacion-768x1022.jpg 768w\" sizes=\"(max-width: 609px) 100vw, 609px\" \/><\/a><\/p>\n<p style=\"text-align: left;\"><!--more--><\/p>\n<p style=\"text-align: left;\">Los m\u00edticos r\u00f3tulos de la\u00a0<strong>PLAZA FRANCESC MACIA<\/strong>:<strong><br \/>\n<\/strong><\/p>\n<p style=\"text-align: center;\"><a href=\"https:\/\/www.vsacomunicacion.com\/wp-content\/uploads\/2015\/01\/rotulo-luminoso-neon-francesc-macia-barcelona-vsa-comunicacion.jpg\" target=\"_blank\" rel=\"noopener\"><img decoding=\"async\" class=\"aligncenter wp-image-1092\" title=\"Publicidad Exterior: Los m\u00edticos r\u00f3tulos de la PLAZA FRANCESC MACIA \u2013 Barcelona\" src=\"https:\/\/www.vsacomunicacion.com\/wp-content\/uploads\/2015\/01\/rotulo-luminoso-neon-francesc-macia-barcelona-vsa-comunicacion.jpg\" alt=\"Publicidad Exterior: Los m\u00edticos r\u00f3tulos de la PLAZA FRANCESC MACIA \u2013 Barcelona\" width=\"600\" height=\"407\" srcset=\"https:\/\/www.vsacomunicacion.com\/wp-content\/uploads\/2015\/01\/rotulo-luminoso-neon-francesc-macia-barcelona-vsa-comunicacion.jpg 1024w, https:\/\/www.vsacomunicacion.com\/wp-content\/uploads\/2015\/01\/rotulo-luminoso-neon-francesc-macia-barcelona-vsa-comunicacion-300x203.jpg 300w, https:\/\/www.vsacomunicacion.com\/wp-content\/uploads\/2015\/01\/rotulo-luminoso-neon-francesc-macia-barcelona-vsa-comunicacion-768x521.jpg 768w\" sizes=\"(max-width: 600px) 100vw, 600px\" \/><\/a><\/p>\n<p style=\"text-align: left;\">El r\u00f3tulo <strong>BMW<\/strong> frente al <strong>ESTADIO SANTIAGO BERNAB\u00c9U<\/strong>:<\/p>\n<p style=\"text-align: center;\"><a href=\"https:\/\/www.vsacomunicacion.com\/wp-content\/uploads\/2015\/01\/rotulo-luminoso-neon-bmw-madrid-vsa-comunicacion.jpg\" target=\"_blank\" rel=\"noopener\"><img decoding=\"async\" class=\"aligncenter wp-image-1102\" title=\"Publicidad Exterior: R\u00f3tulo BMW frente al ESTADIO SANTIAGO BERNAB\u00c9U - Madrid\" src=\"https:\/\/www.vsacomunicacion.com\/wp-content\/uploads\/2015\/01\/rotulo-luminoso-neon-bmw-madrid-vsa-comunicacion.jpg\" alt=\"Publicidad Exterior: R\u00f3tulo BMW frente al ESTADIO SANTIAGO BERNAB\u00c9U - Madrid\" width=\"606\" height=\"490\" srcset=\"https:\/\/www.vsacomunicacion.com\/wp-content\/uploads\/2015\/01\/rotulo-luminoso-neon-bmw-madrid-vsa-comunicacion.jpg 1024w, https:\/\/www.vsacomunicacion.com\/wp-content\/uploads\/2015\/01\/rotulo-luminoso-neon-bmw-madrid-vsa-comunicacion-300x243.jpg 300w, https:\/\/www.vsacomunicacion.com\/wp-content\/uploads\/2015\/01\/rotulo-luminoso-neon-bmw-madrid-vsa-comunicacion-768x621.jpg 768w\" sizes=\"(max-width: 606px) 100vw, 606px\" \/><\/a><\/p>\n<p style=\"text-align: left;\">El r\u00f3tulo\u00a0<strong>TRINA\u00a0<\/strong>de la <strong>PLAZA UNIVERSIDAD<\/strong>:<\/p>\n<p style=\"text-align: center;\"><a href=\"https:\/\/www.vsacomunicacion.com\/wp-content\/uploads\/2015\/01\/rotulo-luminoso-neon-trina-barcelona-vsa-comunicacion.jpg\" target=\"_blank\" rel=\"noopener\"><img loading=\"lazy\" decoding=\"async\" class=\"aligncenter wp-image-1094\" title=\"Publicidad Exterior: R\u00f3tulo TRINA de la PLAZA UNIVERSIDAD - Barcelona\" src=\"https:\/\/www.vsacomunicacion.com\/wp-content\/uploads\/2015\/01\/rotulo-luminoso-neon-trina-barcelona-vsa-comunicacion.jpg\" alt=\"Publicidad Exterior: R\u00f3tulo TRINA de la PLAZA UNIVERSIDAD - Barcelona\" width=\"590\" height=\"432\" srcset=\"https:\/\/www.vsacomunicacion.com\/wp-content\/uploads\/2015\/01\/rotulo-luminoso-neon-trina-barcelona-vsa-comunicacion.jpg 1024w, https:\/\/www.vsacomunicacion.com\/wp-content\/uploads\/2015\/01\/rotulo-luminoso-neon-trina-barcelona-vsa-comunicacion-300x220.jpg 300w, https:\/\/www.vsacomunicacion.com\/wp-content\/uploads\/2015\/01\/rotulo-luminoso-neon-trina-barcelona-vsa-comunicacion-768x563.jpg 768w\" sizes=\"(max-width: 590px) 100vw, 590px\" \/><\/a><\/p>\n<p style=\"text-align: justify;\">Diez d\u00e9cadas acompa\u00f1ados del resplandor de esta fuente de luz ubicada en fachadas, marquesinas y vallas publicitarias en todas las ciudades del mundo. M\u00edticas son las luces de Las Vegas, \u00a0Nueva York o\u00a0Hong Kong, claros ejemplos de c\u00f3mo con su resplandor el ne\u00f3n ha cambiado la atm\u00f3sfera creando nuevas escenograf\u00edas en el ambiente.<\/p>\n<p style=\"text-align: justify;\">En 1915 el f\u00edsico franc\u00e9s Georges Claude comprob\u00f3, bas\u00e1ndose en experiencias previas, c\u00f3mo al aplicar descargas el\u00e9ctricas dentro de un tubo que contuviera gases nobles, se produc\u00eda una brillante y colorida fuente de luz.\u00a0Si el gas usado era ne\u00f3n, se iluminaba el tubo con un intenso color rojo, que se pod\u00eda ver incluso de\u00a0d\u00eda.<\/p>\n<p style=\"text-align: justify;\">La ciudad de Par\u00eds empez\u00f3 a usarlas en sus calles a principio de los\u00a0a\u00f1os\u00a0veinte\u00a0y enseguida encontr\u00f3 en Estados Unidos su gran popularidad para despu\u00e9s extender su luz al resto del mundo.<\/p>\n<p>&nbsp;<\/p>\n<p>&nbsp;<\/p>\n","protected":false},"excerpt":{"rendered":"<p>Hoy se cumplen 100 a\u00f1os del descubrimiento de un invento revolucionario que cambi\u00f3 radicalmente la industria de la publicidad exterior: el\u00a0ne\u00f3n. Os mostramos algunos de los r\u00f3tulos luminosos de ne\u00f3n m\u00e1s emblem\u00e1ticos de\u00a0VSA COMUNICACION\u00a0que siempre formar\u00e1n parte de nuestra historia: [&hellip;]<\/p>\n","protected":false},"author":3,"featured_media":7148,"comment_status":"closed","ping_status":"closed","sticky":false,"template":"","format":"standard","meta":{"inline_featured_image":false,"footnotes":""},"categories":[1550],"tags":[2405,1585,1776],"class_list":["post-12418","post","type-post","status-publish","format-standard","has-post-thumbnail","hentry","category-rotulos-luminosos-en","tag-neon-en","tag-publicidad-exterior-en","tag-rotulos-luminosos-2-en"],"_links":{"self":[{"href":"https:\/\/www.vsacomunicacion.com\/en\/wp-json\/wp\/v2\/posts\/12418"}],"collection":[{"href":"https:\/\/www.vsacomunicacion.com\/en\/wp-json\/wp\/v2\/posts"}],"about":[{"href":"https:\/\/www.vsacomunicacion.com\/en\/wp-json\/wp\/v2\/types\/post"}],"author":[{"embeddable":true,"href":"https:\/\/www.vsacomunicacion.com\/en\/wp-json\/wp\/v2\/users\/3"}],"replies":[{"embeddable":true,"href":"https:\/\/www.vsacomunicacion.com\/en\/wp-json\/wp\/v2\/comments?post=12418"}],"version-history":[{"count":0,"href":"https:\/\/www.vsacomunicacion.com\/en\/wp-json\/wp\/v2\/posts\/12418\/revisions"}],"wp:featuredmedia":[{"embeddable":true,"href":"https:\/\/www.vsacomunicacion.com\/en\/wp-json\/wp\/v2\/media\/7148"}],"wp:attachment":[{"href":"https:\/\/www.vsacomunicacion.com\/en\/wp-json\/wp\/v2\/media?parent=12418"}],"wp:term":[{"taxonomy":"category","embeddable":true,"href":"https:\/\/www.vsacomunicacion.com\/en\/wp-json\/wp\/v2\/categories?post=12418"},{"taxonomy":"post_tag","embeddable":true,"href":"https:\/\/www.vsacomunicacion.com\/en\/wp-json\/wp\/v2\/tags?post=12418"}],"curies":[{"name":"wp","href":"https:\/\/api.w.org\/{rel}","templated":true}]}}