{"id":12420,"date":"2015-01-08T21:02:18","date_gmt":"2015-01-08T21:02:18","guid":{"rendered":"https:\/\/www.vsacomunicacion.com\/rebajas-en-nuevo-centro-con-nuestras-pyms-de-valencia\/"},"modified":"2015-01-08T21:02:18","modified_gmt":"2015-01-08T21:02:18","slug":"rebajas-en-nuevo-centro-con-nuestras-pyms-de-valencia","status":"publish","type":"post","link":"https:\/\/www.vsacomunicacion.com\/en\/rebajas-en-nuevo-centro-con-nuestras-pyms-de-valencia\/","title":{"rendered":"Rebajas en NUEVO CENTRO con nuestras PYM&#8217;s de Valencia"},"content":{"rendered":"<p style=\"text-align: justify;\"><strong>VSA COMUNICACION<\/strong> dispone de los mejores Circuitos Urbanos de <strong>PYM&#8217;s<\/strong> en las principales ciudades de Espa\u00f1a ubicadas estrat\u00e9gicamente en calles con gran concentraci\u00f3n de tr\u00e1fico rodado y peatonal, consiguiendo as\u00ed la m\u00e1xima cobertura con el m\u00ednimo n\u00famero de soportes.<\/p>\n<p style=\"text-align: center;\"><a href=\"https:\/\/www.vsacomunicacion.com\/wp-content\/uploads\/2014\/01\/pym-medianera-publicidad-exterior-nuevo-centro-valencia-vsa-comunicacion.jpg\" target=\"_blank\" rel=\"noopener\"><img fetchpriority=\"high\" decoding=\"async\" class=\"aligncenter  wp-image-989\" title=\"Publicidad Exterior: Pym en Valencia para NUEVO CENTRO, ubicado en pared medianera de un c\u00e9ntrico edificio\" alt=\"Publicidad Exterior: Pym en Valencia para NUEVO CENTRO, ubicado en pared medianera de un c\u00e9ntrico edificio\" src=\"https:\/\/www.vsacomunicacion.com\/wp-content\/uploads\/2014\/01\/pym-medianera-publicidad-exterior-nuevo-centro-valencia-vsa-comunicacion.jpg\" width=\"564\" height=\"423\" srcset=\"https:\/\/www.vsacomunicacion.com\/wp-content\/uploads\/2014\/01\/pym-medianera-publicidad-exterior-nuevo-centro-valencia-vsa-comunicacion.jpg 1024w, https:\/\/www.vsacomunicacion.com\/wp-content\/uploads\/2014\/01\/pym-medianera-publicidad-exterior-nuevo-centro-valencia-vsa-comunicacion-300x225.jpg 300w, https:\/\/www.vsacomunicacion.com\/wp-content\/uploads\/2014\/01\/pym-medianera-publicidad-exterior-nuevo-centro-valencia-vsa-comunicacion-768x576.jpg 768w\" sizes=\"(max-width: 564px) 100vw, 564px\" \/><\/a><\/p>\n<p style=\"text-align: justify;\"><strong>NUEVO CENTRO<\/strong> ha elegido, entre otras PYM&#8217;s, el emplazamiento ubicado en la Avenida Baleares, una de las avenidas m\u00e1s importantes de <strong>Valencia<\/strong> en direcci\u00f3n al Centro de la Ciudad, recogiendo todo el tr\u00e1fico de la zona y barrios adyacentes del Puerto.<\/p>\n<p style=\"text-align: justify;\"><!--more--><\/p>\n<p style=\"text-align: justify;\">NUEVO CENTRO\u00a0es un\u00a0<strong>centro comercial\u00a0<\/strong>de\u00a0Valencia\u00a0con una amplia oferta comercial de 250 tiendas. Con m\u00e1s de 30 a\u00f1os de experiencia, el complejo es tambi\u00e9n un centro de ocio que lo convierte en uno de los referentes de los centros comerciales valencianos.<\/p>\n<p style=\"text-align: justify;\">Os presentamos la nueva creatividad en la que anuncia sus fant\u00e1stica<strong> REBAJAS, <\/strong><em>PON CARA DE REBAJAS!!\u00a0<\/em><\/p>\n<p style=\"text-align: justify;\">\n","protected":false},"excerpt":{"rendered":"<p>VSA COMUNICACION dispone de los mejores Circuitos Urbanos de PYM&#8217;s en las principales ciudades de Espa\u00f1a ubicadas estrat\u00e9gicamente en calles con gran concentraci\u00f3n de tr\u00e1fico rodado y peatonal, consiguiendo as\u00ed la m\u00e1xima cobertura con el m\u00ednimo n\u00famero de soportes. NUEVO [&hellip;]<\/p>\n","protected":false},"author":3,"featured_media":7125,"comment_status":"closed","ping_status":"closed","sticky":false,"template":"","format":"standard","meta":{"inline_featured_image":false,"footnotes":""},"categories":[1593,1640],"tags":[1993,1676,1934,1671,1645],"class_list":["post-12420","post","type-post","status-publish","format-standard","has-post-thumbnail","hentry","category-pyms-en","category-valencia-en","tag-nuevo-centro-en","tag-pyms-2-en","tag-pyms-valencia-en","tag-trafico-rodado-en","tag-valencia-en"],"_links":{"self":[{"href":"https:\/\/www.vsacomunicacion.com\/en\/wp-json\/wp\/v2\/posts\/12420"}],"collection":[{"href":"https:\/\/www.vsacomunicacion.com\/en\/wp-json\/wp\/v2\/posts"}],"about":[{"href":"https:\/\/www.vsacomunicacion.com\/en\/wp-json\/wp\/v2\/types\/post"}],"author":[{"embeddable":true,"href":"https:\/\/www.vsacomunicacion.com\/en\/wp-json\/wp\/v2\/users\/3"}],"replies":[{"embeddable":true,"href":"https:\/\/www.vsacomunicacion.com\/en\/wp-json\/wp\/v2\/comments?post=12420"}],"version-history":[{"count":0,"href":"https:\/\/www.vsacomunicacion.com\/en\/wp-json\/wp\/v2\/posts\/12420\/revisions"}],"wp:featuredmedia":[{"embeddable":true,"href":"https:\/\/www.vsacomunicacion.com\/en\/wp-json\/wp\/v2\/media\/7125"}],"wp:attachment":[{"href":"https:\/\/www.vsacomunicacion.com\/en\/wp-json\/wp\/v2\/media?parent=12420"}],"wp:term":[{"taxonomy":"category","embeddable":true,"href":"https:\/\/www.vsacomunicacion.com\/en\/wp-json\/wp\/v2\/categories?post=12420"},{"taxonomy":"post_tag","embeddable":true,"href":"https:\/\/www.vsacomunicacion.com\/en\/wp-json\/wp\/v2\/tags?post=12420"}],"curies":[{"name":"wp","href":"https:\/\/api.w.org\/{rel}","templated":true}]}}