{"id":12434,"date":"2014-11-19T09:51:18","date_gmt":"2014-11-19T09:51:18","guid":{"rendered":"https:\/\/www.vsacomunicacion.com\/bauhaus-tambien-presente-en-nuestras-pyms-de-valencia\/"},"modified":"2014-11-19T09:51:18","modified_gmt":"2014-11-19T09:51:18","slug":"bauhaus-tambien-presente-en-nuestras-pyms-de-valencia","status":"publish","type":"post","link":"https:\/\/www.vsacomunicacion.com\/en\/bauhaus-tambien-presente-en-nuestras-pyms-de-valencia\/","title":{"rendered":"BAUHAUS tambi\u00e9n presente en nuestras PYM&#8217;s de Valencia"},"content":{"rendered":"<p style=\"text-align: justify;\">Una m\u00e1s de las estrat\u00e9gicas \u00a0<strong>PYM&#8217;s<\/strong> de Valencia de<strong> VSA COMUNICACION<\/strong> ha sido la elegida por <strong>BAUHAUS<\/strong> para presentarnos su <a title=\"bauhaus paterna\" href=\"http:\/\/www.bauhaus.es\/es\/apertura-festivos?sh=13\" target=\"_blank\" rel=\"noopener\">nueva tienda en Paterna<\/a>, su ubicaci\u00f3n es ideal para informar a todos los transe\u00fantes y conductores de la apertura y localizaci\u00f3n de la tienda.<\/p>\n<p style=\"text-align: center;\"><a href=\"https:\/\/www.vsacomunicacion.com\/wp-content\/uploads\/2015\/02\/pym-medianera-publicidad-exterior-bauhaus-valencia-vsa-comunicacion.jpg\" target=\"_blank\" rel=\"noopener\"><img fetchpriority=\"high\" decoding=\"async\" class=\"aligncenter  wp-image-994\" title=\"Publicidad Exterior: Pym en Valencia para BAUHAUS, ubicado en una pared medianera de un c\u00e9ntrico edificio\" alt=\"Publicidad Exterior: Pym en Valencia para BAUHAUS, ubicado en una pared medianera de un c\u00e9ntrico edificio\" src=\"https:\/\/www.vsacomunicacion.com\/wp-content\/uploads\/2015\/02\/pym-medianera-publicidad-exterior-bauhaus-valencia-vsa-comunicacion.jpg\" width=\"568\" height=\"347\" srcset=\"https:\/\/www.vsacomunicacion.com\/wp-content\/uploads\/2015\/02\/pym-medianera-publicidad-exterior-bauhaus-valencia-vsa-comunicacion.jpg 961w, https:\/\/www.vsacomunicacion.com\/wp-content\/uploads\/2015\/02\/pym-medianera-publicidad-exterior-bauhaus-valencia-vsa-comunicacion-300x183.jpg 300w, https:\/\/www.vsacomunicacion.com\/wp-content\/uploads\/2015\/02\/pym-medianera-publicidad-exterior-bauhaus-valencia-vsa-comunicacion-768x469.jpg 768w\" sizes=\"(max-width: 568px) 100vw, 568px\" \/><\/a><\/p>\n<p style=\"text-align: justify;\"><!--more-->Este emplazamiento est\u00e1 ubicado en la Avenida Cardenal Benlloch, una de las avenidas mas importante de Valencia,\u00a0entre la Avenida del Puerto y la Avenida Blasco Ib\u00e1\u00f1ez en direcci\u00f3n a la Universidad Polit\u00e9cnica.\u00a0En su cercan\u00eda se encuentra el Estadio de Mestalla, as\u00ed como diversos establecimientos de restauraci\u00f3n, bares, cafeter\u00edas y restaurantes.<\/p>\n<p style=\"text-align: justify;\">En\u00a0<strong>BAUHAUS<\/strong>\u00a0son especialistas en la\u00a0casa, el taller y el jard\u00edn, ofreciendo todos sus productos en un \u00fanico espacio.<\/p>\n<p style=\"text-align: justify;\">Disponen de un surtido especializado a la medida de los clientes y una presentaci\u00f3n atractiva y clara. En las m\u00e1s de 190 tiendas que tienen en Europa sus clientes encuentran lo que necesitan para la casa, el taller y el jard\u00edn. Los m\u00e1s de 120.000 productos repartidos en 15 secciones especializadas y los m\u00faltiples servicios al cliente son su mejor carta de presentaci\u00f3n. Le dan especial importancia a ofrecerle un surtido actual y buscan continuamente las novedades del mercado para sus clientes.<\/p>\n<p style=\"text-align: justify;\">Su concepto: <em>EL MEJOR SURTIDO, CON LA MEJOR CALIDAD, AL MEJOR PRECIO Y CERCA DE TI<\/em><\/p>\n<p><em>\u00a0<\/em><\/p>\n","protected":false},"excerpt":{"rendered":"<p>Una m\u00e1s de las estrat\u00e9gicas \u00a0PYM&#8217;s de Valencia de VSA COMUNICACION ha sido la elegida por BAUHAUS para presentarnos su nueva tienda en Paterna, su ubicaci\u00f3n es ideal para informar a todos los transe\u00fantes y conductores de la apertura y [&hellip;]<\/p>\n","protected":false},"author":3,"featured_media":7126,"comment_status":"closed","ping_status":"closed","sticky":false,"template":"","format":"standard","meta":{"inline_featured_image":false,"footnotes":""},"categories":[1593,1640],"tags":[2373,1694,1586,1676,1934,1645],"class_list":["post-12434","post","type-post","status-publish","format-standard","has-post-thumbnail","hentry","category-pyms-en","category-valencia-en","tag-bauhaus-en","tag-gran-notoriedad-en","tag-publicidad-urbana-en","tag-pyms-2-en","tag-pyms-valencia-en","tag-valencia-en"],"_links":{"self":[{"href":"https:\/\/www.vsacomunicacion.com\/en\/wp-json\/wp\/v2\/posts\/12434"}],"collection":[{"href":"https:\/\/www.vsacomunicacion.com\/en\/wp-json\/wp\/v2\/posts"}],"about":[{"href":"https:\/\/www.vsacomunicacion.com\/en\/wp-json\/wp\/v2\/types\/post"}],"author":[{"embeddable":true,"href":"https:\/\/www.vsacomunicacion.com\/en\/wp-json\/wp\/v2\/users\/3"}],"replies":[{"embeddable":true,"href":"https:\/\/www.vsacomunicacion.com\/en\/wp-json\/wp\/v2\/comments?post=12434"}],"version-history":[{"count":0,"href":"https:\/\/www.vsacomunicacion.com\/en\/wp-json\/wp\/v2\/posts\/12434\/revisions"}],"wp:featuredmedia":[{"embeddable":true,"href":"https:\/\/www.vsacomunicacion.com\/en\/wp-json\/wp\/v2\/media\/7126"}],"wp:attachment":[{"href":"https:\/\/www.vsacomunicacion.com\/en\/wp-json\/wp\/v2\/media?parent=12434"}],"wp:term":[{"taxonomy":"category","embeddable":true,"href":"https:\/\/www.vsacomunicacion.com\/en\/wp-json\/wp\/v2\/categories?post=12434"},{"taxonomy":"post_tag","embeddable":true,"href":"https:\/\/www.vsacomunicacion.com\/en\/wp-json\/wp\/v2\/tags?post=12434"}],"curies":[{"name":"wp","href":"https:\/\/api.w.org\/{rel}","templated":true}]}}