{"id":12439,"date":"2014-11-07T15:47:11","date_gmt":"2014-11-07T15:47:11","guid":{"rendered":"https:\/\/www.vsacomunicacion.com\/smart-fortwo-y-smart-forfour\/"},"modified":"2014-11-07T15:47:11","modified_gmt":"2014-11-07T15:47:11","slug":"smart-fortwo-y-smart-forfour","status":"publish","type":"post","link":"https:\/\/www.vsacomunicacion.com\/en\/smart-fortwo-y-smart-forfour\/","title":{"rendered":"Smart Fortwo y Smart Forfour"},"content":{"rendered":"<p>Urbano de origen.\u00a0Donde los dem\u00e1s a\u00fan piensan en kil\u00f3metros por hora, Smart va un poco m\u00e1s all\u00e1. Porque en la ciudad importan unas caracter\u00edsticas muy diferentes a las de la autopista.<\/p>\n<p style=\"text-align: center;\"><a href=\"https:\/\/www.vsacomunicacion.com\/wp-content\/uploads\/2014\/11\/Smart-Balmes-Barcelona.jpg\" target=\"_blank\" rel=\"noopener\"><img fetchpriority=\"high\" decoding=\"async\" class=\"aligncenter size-full wp-image-602\" title=\"Publicidad Exterior: Lona Publicitaria en Barcelona para SMART, ubicada en la fachada de un c\u00e9ntrico edificio\" alt=\"Publicidad Exterior: Lona Publicitaria en Barcelona para SMART, ubicada en la fachada de un c\u00e9ntrico edificio\" src=\"https:\/\/www.vsacomunicacion.com\/wp-content\/uploads\/2014\/11\/Smart-Balmes-Barcelona.jpg\" width=\"608\" height=\"405\" srcset=\"https:\/\/www.vsacomunicacion.com\/wp-content\/uploads\/2014\/11\/Smart-Balmes-Barcelona.jpg 608w, https:\/\/www.vsacomunicacion.com\/wp-content\/uploads\/2014\/11\/Smart-Balmes-Barcelona-300x200.jpg 300w\" sizes=\"(max-width: 608px) 100vw, 608px\" \/><\/a><\/p>\n<p>&nbsp;<\/p>\n<p><!--more-->Lona Publicitaria de Smart,\u00a0ubicada en la fachada de un c\u00e9ntrico edificio.<\/p>\n","protected":false},"excerpt":{"rendered":"<p>Urbano de origen.\u00a0Donde los dem\u00e1s a\u00fan piensan en kil\u00f3metros por hora, Smart va un poco m\u00e1s all\u00e1. Porque en la ciudad importan unas caracter\u00edsticas muy diferentes a las de la autopista. &nbsp;<\/p>\n","protected":false},"author":3,"featured_media":7095,"comment_status":"closed","ping_status":"closed","sticky":false,"template":"","format":"standard","meta":{"inline_featured_image":false,"footnotes":""},"categories":[1506,1488],"tags":[1516,1708,1656,1581,2423],"class_list":["post-12439","post","type-post","status-publish","format-standard","has-post-thumbnail","hentry","category-barcelona-en","category-lonas-publicitarias-en","tag-barcelona-en","tag-formato-espectacular-en","tag-lonas-gran-formato-en","tag-lonas-publicitarias-barcelona-en","tag-urbano-en"],"_links":{"self":[{"href":"https:\/\/www.vsacomunicacion.com\/en\/wp-json\/wp\/v2\/posts\/12439"}],"collection":[{"href":"https:\/\/www.vsacomunicacion.com\/en\/wp-json\/wp\/v2\/posts"}],"about":[{"href":"https:\/\/www.vsacomunicacion.com\/en\/wp-json\/wp\/v2\/types\/post"}],"author":[{"embeddable":true,"href":"https:\/\/www.vsacomunicacion.com\/en\/wp-json\/wp\/v2\/users\/3"}],"replies":[{"embeddable":true,"href":"https:\/\/www.vsacomunicacion.com\/en\/wp-json\/wp\/v2\/comments?post=12439"}],"version-history":[{"count":0,"href":"https:\/\/www.vsacomunicacion.com\/en\/wp-json\/wp\/v2\/posts\/12439\/revisions"}],"wp:featuredmedia":[{"embeddable":true,"href":"https:\/\/www.vsacomunicacion.com\/en\/wp-json\/wp\/v2\/media\/7095"}],"wp:attachment":[{"href":"https:\/\/www.vsacomunicacion.com\/en\/wp-json\/wp\/v2\/media?parent=12439"}],"wp:term":[{"taxonomy":"category","embeddable":true,"href":"https:\/\/www.vsacomunicacion.com\/en\/wp-json\/wp\/v2\/categories?post=12439"},{"taxonomy":"post_tag","embeddable":true,"href":"https:\/\/www.vsacomunicacion.com\/en\/wp-json\/wp\/v2\/tags?post=12439"}],"curies":[{"name":"wp","href":"https:\/\/api.w.org\/{rel}","templated":true}]}}