{"id":12440,"date":"2014-11-03T16:42:29","date_gmt":"2014-11-03T16:42:29","guid":{"rendered":"https:\/\/www.vsacomunicacion.com\/aberdeen-en-raimundo-fernandez-villaverde-de-madrid\/"},"modified":"2014-11-03T16:42:29","modified_gmt":"2014-11-03T16:42:29","slug":"aberdeen-en-raimundo-fernandez-villaverde-de-madrid","status":"publish","type":"post","link":"https:\/\/www.vsacomunicacion.com\/en\/aberdeen-en-raimundo-fernandez-villaverde-de-madrid\/","title":{"rendered":"Aberdeen en Raimundo Fernandez Villaverde de Madrid"},"content":{"rendered":"<p>Aberdeen contin\u00faa su expansi\u00f3n por el mercado espa\u00f1ol.<\/p>\n<p style=\"text-align: center;\"><a href=\"https:\/\/www.vsacomunicacion.com\/wp-content\/uploads\/2014\/11\/Aberdeen-Raimundo-Fernandez-Villaverde-52-Madrid.jpg\" target=\"_blank\" rel=\"noopener\"><img fetchpriority=\"high\" decoding=\"async\" class=\"aligncenter size-full wp-image-598\" title=\"Publicidad Exterior: Lona Publicitaria en Madrid ABERDEEN, ubicada en la fachada de un c\u00e9ntrico edificio\" alt=\"Publicidad Exterior: Lona Publicitaria en Madrid ABERDEEN, ubicada en la fachada de un c\u00e9ntrico edificio\" src=\"https:\/\/www.vsacomunicacion.com\/wp-content\/uploads\/2014\/11\/Aberdeen-Raimundo-Fernandez-Villaverde-52-Madrid.jpg\" width=\"608\" height=\"407\" srcset=\"https:\/\/www.vsacomunicacion.com\/wp-content\/uploads\/2014\/11\/Aberdeen-Raimundo-Fernandez-Villaverde-52-Madrid.jpg 608w, https:\/\/www.vsacomunicacion.com\/wp-content\/uploads\/2014\/11\/Aberdeen-Raimundo-Fernandez-Villaverde-52-Madrid-300x201.jpg 300w\" sizes=\"(max-width: 608px) 100vw, 608px\" \/><\/a><\/p>\n<p><!--more--><\/p>\n<p>Lona publicitaria ABERDEEN en Madrid,\u00a0ubicada en la fachada de un c\u00e9ntrico edificio<\/p>\n","protected":false},"excerpt":{"rendered":"<p>Aberdeen contin\u00faa su expansi\u00f3n por el mercado espa\u00f1ol.<\/p>\n","protected":false},"author":3,"featured_media":7093,"comment_status":"closed","ping_status":"closed","sticky":false,"template":"","format":"standard","meta":{"inline_featured_image":false,"footnotes":""},"categories":[1488,1489],"tags":[1705,1693,1656,1611,1499,1585],"class_list":["post-12440","post","type-post","status-publish","format-standard","has-post-thumbnail","hentry","category-lonas-publicitarias-en","category-madrid-en","tag-centro-ciudad-en","tag-gran-formato-en","tag-lonas-gran-formato-en","tag-lonas-publicitarias-madrid-en","tag-madrid-en","tag-publicidad-exterior-en"],"_links":{"self":[{"href":"https:\/\/www.vsacomunicacion.com\/en\/wp-json\/wp\/v2\/posts\/12440"}],"collection":[{"href":"https:\/\/www.vsacomunicacion.com\/en\/wp-json\/wp\/v2\/posts"}],"about":[{"href":"https:\/\/www.vsacomunicacion.com\/en\/wp-json\/wp\/v2\/types\/post"}],"author":[{"embeddable":true,"href":"https:\/\/www.vsacomunicacion.com\/en\/wp-json\/wp\/v2\/users\/3"}],"replies":[{"embeddable":true,"href":"https:\/\/www.vsacomunicacion.com\/en\/wp-json\/wp\/v2\/comments?post=12440"}],"version-history":[{"count":0,"href":"https:\/\/www.vsacomunicacion.com\/en\/wp-json\/wp\/v2\/posts\/12440\/revisions"}],"wp:featuredmedia":[{"embeddable":true,"href":"https:\/\/www.vsacomunicacion.com\/en\/wp-json\/wp\/v2\/media\/7093"}],"wp:attachment":[{"href":"https:\/\/www.vsacomunicacion.com\/en\/wp-json\/wp\/v2\/media?parent=12440"}],"wp:term":[{"taxonomy":"category","embeddable":true,"href":"https:\/\/www.vsacomunicacion.com\/en\/wp-json\/wp\/v2\/categories?post=12440"},{"taxonomy":"post_tag","embeddable":true,"href":"https:\/\/www.vsacomunicacion.com\/en\/wp-json\/wp\/v2\/tags?post=12440"}],"curies":[{"name":"wp","href":"https:\/\/api.w.org\/{rel}","templated":true}]}}