{"id":12443,"date":"2014-09-15T10:54:38","date_gmt":"2014-09-15T10:54:38","guid":{"rendered":"https:\/\/www.vsacomunicacion.com\/ck-jeans-en-plaza-cataluna\/"},"modified":"2014-09-15T10:54:38","modified_gmt":"2014-09-15T10:54:38","slug":"ck-jeans-en-plaza-cataluna","status":"publish","type":"post","link":"https:\/\/www.vsacomunicacion.com\/en\/ck-jeans-en-plaza-cataluna\/","title":{"rendered":"CK Jeans en Plaza Catalu\u00f1a"},"content":{"rendered":"<p style=\"text-align: justify;\">Espectacular lona de CK Jeans en Plaza Catalu\u00f1a.\u00a0La pr\u00f3xima temporada Oto\u00f1o-Invierno 2014\/2015 Calvin Klein Jeans y Calvin Klein Underwear se unir\u00e1n en una \u00fanica campa\u00f1a publicitaria global donde la supermodelo Lara Stone y el modelo Matt Terry posan muy sexys. La campa\u00f1a servir\u00e1 para ampliar la muy exitosa campa\u00f1a #mycalvins en redes sociales, que se lanz\u00f3 por primera vez en febrero de 2014.<\/p>\n<p>En este link podemos ver el v\u00eddeo del montaje de la lona:<br \/>\n<iframe src=\"\/\/player.vimeo.com\/video\/108326068\" height=\"375\" width=\"500\" allowfullscreen=\"\" frameborder=\"0\"><\/iframe><\/p>\n<p><a href=\"https:\/\/www.vsacomunicacion.com\/wp-content\/uploads\/2014\/09\/CK-PELAI-Pl-Catalunya.jpg\" target=\"_blank\" rel=\"noopener\"><img fetchpriority=\"high\" decoding=\"async\" class=\"aligncenter size-full wp-image-580\" alt=\"CK PELAI - Pl Catalunya\" src=\"https:\/\/www.vsacomunicacion.com\/wp-content\/uploads\/2014\/09\/CK-PELAI-Pl-Catalunya.jpg\" width=\"608\" height=\"406\" srcset=\"https:\/\/www.vsacomunicacion.com\/wp-content\/uploads\/2014\/09\/CK-PELAI-Pl-Catalunya.jpg 608w, https:\/\/www.vsacomunicacion.com\/wp-content\/uploads\/2014\/09\/CK-PELAI-Pl-Catalunya-300x200.jpg 300w\" sizes=\"(max-width: 608px) 100vw, 608px\" \/><\/a><\/p>\n","protected":false},"excerpt":{"rendered":"<p>Espectacular lona de CK Jeans en Plaza Catalu\u00f1a.\u00a0La pr\u00f3xima temporada Oto\u00f1o-Invierno 2014\/2015 Calvin Klein Jeans y Calvin Klein Underwear se unir\u00e1n en una \u00fanica campa\u00f1a publicitaria global donde la supermodelo Lara Stone y el modelo Matt Terry posan muy sexys. [&hellip;]<\/p>\n","protected":false},"author":3,"featured_media":7090,"comment_status":"closed","ping_status":"closed","sticky":false,"template":"","format":"standard","meta":{"inline_featured_image":false,"footnotes":""},"categories":[1506,1488,2168],"tags":[1516,1708,1693,1581,2425,1663,2426],"class_list":["post-12443","post","type-post","status-publish","format-standard","has-post-thumbnail","hentry","category-barcelona-en","category-lonas-publicitarias-en","category-making-of-en","tag-barcelona-en","tag-formato-espectacular-en","tag-gran-formato-en","tag-lonas-publicitarias-barcelona-en","tag-making-of-en","tag-publicidad-garn-formato-en","tag-video-del-montaje-de-la-lona-publicitaria-en"],"_links":{"self":[{"href":"https:\/\/www.vsacomunicacion.com\/en\/wp-json\/wp\/v2\/posts\/12443"}],"collection":[{"href":"https:\/\/www.vsacomunicacion.com\/en\/wp-json\/wp\/v2\/posts"}],"about":[{"href":"https:\/\/www.vsacomunicacion.com\/en\/wp-json\/wp\/v2\/types\/post"}],"author":[{"embeddable":true,"href":"https:\/\/www.vsacomunicacion.com\/en\/wp-json\/wp\/v2\/users\/3"}],"replies":[{"embeddable":true,"href":"https:\/\/www.vsacomunicacion.com\/en\/wp-json\/wp\/v2\/comments?post=12443"}],"version-history":[{"count":0,"href":"https:\/\/www.vsacomunicacion.com\/en\/wp-json\/wp\/v2\/posts\/12443\/revisions"}],"wp:featuredmedia":[{"embeddable":true,"href":"https:\/\/www.vsacomunicacion.com\/en\/wp-json\/wp\/v2\/media\/7090"}],"wp:attachment":[{"href":"https:\/\/www.vsacomunicacion.com\/en\/wp-json\/wp\/v2\/media?parent=12443"}],"wp:term":[{"taxonomy":"category","embeddable":true,"href":"https:\/\/www.vsacomunicacion.com\/en\/wp-json\/wp\/v2\/categories?post=12443"},{"taxonomy":"post_tag","embeddable":true,"href":"https:\/\/www.vsacomunicacion.com\/en\/wp-json\/wp\/v2\/tags?post=12443"}],"curies":[{"name":"wp","href":"https:\/\/api.w.org\/{rel}","templated":true}]}}