{"id":12444,"date":"2014-09-12T09:45:25","date_gmt":"2014-09-12T09:45:25","guid":{"rendered":"https:\/\/www.vsacomunicacion.com\/cofidis-en-urvan-valencia-madrid-y-sevilla\/"},"modified":"2014-09-12T09:45:25","modified_gmt":"2014-09-12T09:45:25","slug":"cofidis-en-urvan-valencia-madrid-y-sevilla","status":"publish","type":"post","link":"https:\/\/www.vsacomunicacion.com\/en\/cofidis-en-urvan-valencia-madrid-y-sevilla\/","title":{"rendered":"Cofidis en URVAN Barcelona, Madrid y M\u00e1laga"},"content":{"rendered":"<p style=\"text-align: justify;\">Tras la campa\u00f1a del mes de mayo en Madrid, Valencia y Sevilla, COFIDIS vuelve a confiar en URVAN y presenta su campa\u00f1a &#8220;Tus proyectos tienen cr\u00e9dito&#8221; en Barcelona, Madrid y M\u00e1laga.<\/p>\n<p><a href=\"https:\/\/www.vsacomunicacion.com\/wp-content\/uploads\/2014\/09\/Plaza-Europa-Igualtat-Cofidis.jpg\" target=\"_blank\" rel=\"noopener\"><img fetchpriority=\"high\" decoding=\"async\" class=\"aligncenter size-full wp-image-575\" alt=\"Plaza Europa - Igualtat Cofidis\" src=\"https:\/\/www.vsacomunicacion.com\/wp-content\/uploads\/2014\/09\/Plaza-Europa-Igualtat-Cofidis.jpg\" width=\"608\" height=\"342\" srcset=\"https:\/\/www.vsacomunicacion.com\/wp-content\/uploads\/2014\/09\/Plaza-Europa-Igualtat-Cofidis.jpg 608w, https:\/\/www.vsacomunicacion.com\/wp-content\/uploads\/2014\/09\/Plaza-Europa-Igualtat-Cofidis-300x169.jpg 300w\" sizes=\"(max-width: 608px) 100vw, 608px\" \/><\/a><\/p>\n","protected":false},"excerpt":{"rendered":"<p>Tras la campa\u00f1a del mes de mayo en Madrid, Valencia y Sevilla, COFIDIS vuelve a confiar en URVAN y presenta su campa\u00f1a &#8220;Tus proyectos tienen cr\u00e9dito&#8221; en Barcelona, Madrid y M\u00e1laga.<\/p>\n","protected":false},"author":3,"featured_media":7089,"comment_status":"closed","ping_status":"closed","sticky":false,"template":"","format":"standard","meta":{"inline_featured_image":false,"footnotes":""},"categories":[1506,1489,1813,2069],"tags":[1516,1781,1708,1499,1816,1676,2071,2072,2195,2391],"class_list":["post-12444","post","type-post","status-publish","format-standard","has-post-thumbnail","hentry","category-barcelona-en","category-madrid-en","category-malaga-en","category-urvan-en","tag-barcelona-en","tag-circuito-urbano-en","tag-formato-espectacular-en","tag-madrid-en","tag-malaga-en","tag-pyms-2-en","tag-urvan-en","tag-urvan-barcelona-en","tag-urvan-madrid-en","tag-urvan-malaga-en"],"_links":{"self":[{"href":"https:\/\/www.vsacomunicacion.com\/en\/wp-json\/wp\/v2\/posts\/12444"}],"collection":[{"href":"https:\/\/www.vsacomunicacion.com\/en\/wp-json\/wp\/v2\/posts"}],"about":[{"href":"https:\/\/www.vsacomunicacion.com\/en\/wp-json\/wp\/v2\/types\/post"}],"author":[{"embeddable":true,"href":"https:\/\/www.vsacomunicacion.com\/en\/wp-json\/wp\/v2\/users\/3"}],"replies":[{"embeddable":true,"href":"https:\/\/www.vsacomunicacion.com\/en\/wp-json\/wp\/v2\/comments?post=12444"}],"version-history":[{"count":0,"href":"https:\/\/www.vsacomunicacion.com\/en\/wp-json\/wp\/v2\/posts\/12444\/revisions"}],"wp:featuredmedia":[{"embeddable":true,"href":"https:\/\/www.vsacomunicacion.com\/en\/wp-json\/wp\/v2\/media\/7089"}],"wp:attachment":[{"href":"https:\/\/www.vsacomunicacion.com\/en\/wp-json\/wp\/v2\/media?parent=12444"}],"wp:term":[{"taxonomy":"category","embeddable":true,"href":"https:\/\/www.vsacomunicacion.com\/en\/wp-json\/wp\/v2\/categories?post=12444"},{"taxonomy":"post_tag","embeddable":true,"href":"https:\/\/www.vsacomunicacion.com\/en\/wp-json\/wp\/v2\/tags?post=12444"}],"curies":[{"name":"wp","href":"https:\/\/api.w.org\/{rel}","templated":true}]}}