{"id":12445,"date":"2014-09-08T14:19:58","date_gmt":"2014-09-08T14:19:58","guid":{"rendered":"https:\/\/www.vsacomunicacion.com\/endesa-en-plaza-callao-de-madrid\/"},"modified":"2014-09-08T14:19:58","modified_gmt":"2014-09-08T14:19:58","slug":"endesa-en-plaza-callao-de-madrid","status":"publish","type":"post","link":"https:\/\/www.vsacomunicacion.com\/en\/endesa-en-plaza-callao-de-madrid\/","title":{"rendered":"Endesa en Plaza Callao de Madrid"},"content":{"rendered":"<p><strong>Generaci\u00f3n One<\/strong>. Gracias a la Selecci\u00f3n Espa\u00f1ola los clientes de Endesa ya disfrutan de descuentos en sus facturas de luz y\/o gas.<\/p>\n<p><a href=\"https:\/\/www.vsacomunicacion.com\/wp-content\/uploads\/2014\/09\/Plaza-del-Callao-1-Endesa-11.jpg\" target=\"_blank\" rel=\"noopener\"><img fetchpriority=\"high\" decoding=\"async\" class=\"aligncenter size-full wp-image-567\" alt=\"Plaza del Callao, 1 - Endesa\" src=\"https:\/\/www.vsacomunicacion.com\/wp-content\/uploads\/2014\/09\/Plaza-del-Callao-1-Endesa-11.jpg\" width=\"608\" height=\"405\" srcset=\"https:\/\/www.vsacomunicacion.com\/wp-content\/uploads\/2014\/09\/Plaza-del-Callao-1-Endesa-11.jpg 608w, https:\/\/www.vsacomunicacion.com\/wp-content\/uploads\/2014\/09\/Plaza-del-Callao-1-Endesa-11-300x200.jpg 300w\" sizes=\"(max-width: 608px) 100vw, 608px\" \/><\/a><\/p>\n","protected":false},"excerpt":{"rendered":"<p>Generaci\u00f3n One. Gracias a la Selecci\u00f3n Espa\u00f1ola los clientes de Endesa ya disfrutan de descuentos en sus facturas de luz y\/o gas.<\/p>\n","protected":false},"author":3,"featured_media":7087,"comment_status":"closed","ping_status":"closed","sticky":false,"template":"","format":"standard","meta":{"inline_featured_image":false,"footnotes":""},"categories":[1488,1489],"tags":[1611],"class_list":["post-12445","post","type-post","status-publish","format-standard","has-post-thumbnail","hentry","category-lonas-publicitarias-en","category-madrid-en","tag-lonas-publicitarias-madrid-en"],"_links":{"self":[{"href":"https:\/\/www.vsacomunicacion.com\/en\/wp-json\/wp\/v2\/posts\/12445"}],"collection":[{"href":"https:\/\/www.vsacomunicacion.com\/en\/wp-json\/wp\/v2\/posts"}],"about":[{"href":"https:\/\/www.vsacomunicacion.com\/en\/wp-json\/wp\/v2\/types\/post"}],"author":[{"embeddable":true,"href":"https:\/\/www.vsacomunicacion.com\/en\/wp-json\/wp\/v2\/users\/3"}],"replies":[{"embeddable":true,"href":"https:\/\/www.vsacomunicacion.com\/en\/wp-json\/wp\/v2\/comments?post=12445"}],"version-history":[{"count":0,"href":"https:\/\/www.vsacomunicacion.com\/en\/wp-json\/wp\/v2\/posts\/12445\/revisions"}],"wp:featuredmedia":[{"embeddable":true,"href":"https:\/\/www.vsacomunicacion.com\/en\/wp-json\/wp\/v2\/media\/7087"}],"wp:attachment":[{"href":"https:\/\/www.vsacomunicacion.com\/en\/wp-json\/wp\/v2\/media?parent=12445"}],"wp:term":[{"taxonomy":"category","embeddable":true,"href":"https:\/\/www.vsacomunicacion.com\/en\/wp-json\/wp\/v2\/categories?post=12445"},{"taxonomy":"post_tag","embeddable":true,"href":"https:\/\/www.vsacomunicacion.com\/en\/wp-json\/wp\/v2\/tags?post=12445"}],"curies":[{"name":"wp","href":"https:\/\/api.w.org\/{rel}","templated":true}]}}