{"id":12449,"date":"2014-07-07T11:14:35","date_gmt":"2014-07-07T11:14:35","guid":{"rendered":"https:\/\/www.vsacomunicacion.com\/cartier-un-simbolo-de-elegancia-en-paseo-de-gracia\/"},"modified":"2014-07-07T11:14:35","modified_gmt":"2014-07-07T11:14:35","slug":"cartier-un-simbolo-de-elegancia-en-paseo-de-gracia","status":"publish","type":"post","link":"https:\/\/www.vsacomunicacion.com\/en\/cartier-un-simbolo-de-elegancia-en-paseo-de-gracia\/","title":{"rendered":"Cartier un s\u00edmbolo de elegancia en Paseo de Gracia"},"content":{"rendered":"<p>La <strong>Maison Cartier<\/strong> juega con los c\u00f3digos de la elegancia. A las puertas de la fantas\u00eda, los talleres Cartier subliman la joyer\u00eda y transcienden los materiales m\u00e1s preciosos a\u00f1adiendo excelencia a la excepcionalidad.<\/p>\n<p><a href=\"https:\/\/www.vsacomunicacion.com\/wp-content\/uploads\/2014\/07\/CARTIER-Paseo-de-Gracia-84.jpg\" target=\"_blank\" rel=\"noopener\"><img fetchpriority=\"high\" decoding=\"async\" class=\"aligncenter size-full wp-image-513\" alt=\"CARTIER Paseo de Gracia 84\" src=\"https:\/\/www.vsacomunicacion.com\/wp-content\/uploads\/2014\/07\/CARTIER-Paseo-de-Gracia-84.jpg\" width=\"608\" height=\"406\" srcset=\"https:\/\/www.vsacomunicacion.com\/wp-content\/uploads\/2014\/07\/CARTIER-Paseo-de-Gracia-84.jpg 608w, https:\/\/www.vsacomunicacion.com\/wp-content\/uploads\/2014\/07\/CARTIER-Paseo-de-Gracia-84-300x200.jpg 300w\" sizes=\"(max-width: 608px) 100vw, 608px\" \/><\/a><\/p>\n<p>&nbsp;<\/p>\n","protected":false},"excerpt":{"rendered":"<p>La Maison Cartier juega con los c\u00f3digos de la elegancia. A las puertas de la fantas\u00eda, los talleres Cartier subliman la joyer\u00eda y transcienden los materiales m\u00e1s preciosos a\u00f1adiendo excelencia a la excepcionalidad. &nbsp;<\/p>\n","protected":false},"author":3,"featured_media":7081,"comment_status":"closed","ping_status":"closed","sticky":false,"template":"","format":"standard","meta":{"inline_featured_image":false,"footnotes":""},"categories":[1506,1488],"tags":[1516,1708,1656,1581,1666],"class_list":["post-12449","post","type-post","status-publish","format-standard","has-post-thumbnail","hentry","category-barcelona-en","category-lonas-publicitarias-en","tag-barcelona-en","tag-formato-espectacular-en","tag-lonas-gran-formato-en","tag-lonas-publicitarias-barcelona-en","tag-paseo-de-gracia-en"],"_links":{"self":[{"href":"https:\/\/www.vsacomunicacion.com\/en\/wp-json\/wp\/v2\/posts\/12449"}],"collection":[{"href":"https:\/\/www.vsacomunicacion.com\/en\/wp-json\/wp\/v2\/posts"}],"about":[{"href":"https:\/\/www.vsacomunicacion.com\/en\/wp-json\/wp\/v2\/types\/post"}],"author":[{"embeddable":true,"href":"https:\/\/www.vsacomunicacion.com\/en\/wp-json\/wp\/v2\/users\/3"}],"replies":[{"embeddable":true,"href":"https:\/\/www.vsacomunicacion.com\/en\/wp-json\/wp\/v2\/comments?post=12449"}],"version-history":[{"count":0,"href":"https:\/\/www.vsacomunicacion.com\/en\/wp-json\/wp\/v2\/posts\/12449\/revisions"}],"wp:featuredmedia":[{"embeddable":true,"href":"https:\/\/www.vsacomunicacion.com\/en\/wp-json\/wp\/v2\/media\/7081"}],"wp:attachment":[{"href":"https:\/\/www.vsacomunicacion.com\/en\/wp-json\/wp\/v2\/media?parent=12449"}],"wp:term":[{"taxonomy":"category","embeddable":true,"href":"https:\/\/www.vsacomunicacion.com\/en\/wp-json\/wp\/v2\/categories?post=12449"},{"taxonomy":"post_tag","embeddable":true,"href":"https:\/\/www.vsacomunicacion.com\/en\/wp-json\/wp\/v2\/tags?post=12449"}],"curies":[{"name":"wp","href":"https:\/\/api.w.org\/{rel}","templated":true}]}}