{"id":12456,"date":"2014-06-11T12:37:06","date_gmt":"2014-06-11T12:37:06","guid":{"rendered":"https:\/\/www.vsacomunicacion.com\/sony-mobile-nos-presenta-la-mejor-camara-del-mundo\/"},"modified":"2014-06-11T12:37:06","modified_gmt":"2014-06-11T12:37:06","slug":"sony-mobile-nos-presenta-la-mejor-camara-del-mundo","status":"publish","type":"post","link":"https:\/\/www.vsacomunicacion.com\/en\/sony-mobile-nos-presenta-la-mejor-camara-del-mundo\/","title":{"rendered":"Sony Mobile nos presenta la mejor c\u00e1mara del mundo"},"content":{"rendered":"<p style=\"text-align: justify;\">Acci\u00f3n Especial de Sony Mobile en el emplazamiento de Raimundo Fern\u00e1ndez Villaverde de Madrid donde podemos ver un espectacular corp\u00f3reo integrado en la lona para dar mayor realismo a la presentaci\u00f3n de la mejor c\u00e1mara de v\u00eddeo 4K de un smartphone sumergible.<\/p>\n<p><a href=\"https:\/\/www.vsacomunicacion.com\/wp-content\/uploads\/2014\/06\/SONY-Raimundo-Fernandez-Villaverde-521.jpg\" target=\"_blank\" rel=\"noopener\"><img fetchpriority=\"high\" decoding=\"async\" class=\"aligncenter size-full wp-image-482\" src=\"https:\/\/www.vsacomunicacion.com\/wp-content\/uploads\/2014\/06\/SONY-Raimundo-Fernandez-Villaverde-521.jpg\" alt=\"SONY Raimundo Fernandez Villaverde 52\" width=\"608\" height=\"406\" srcset=\"https:\/\/www.vsacomunicacion.com\/wp-content\/uploads\/2014\/06\/SONY-Raimundo-Fernandez-Villaverde-521.jpg 608w, https:\/\/www.vsacomunicacion.com\/wp-content\/uploads\/2014\/06\/SONY-Raimundo-Fernandez-Villaverde-521-300x200.jpg 300w\" sizes=\"(max-width: 608px) 100vw, 608px\" \/><\/a><\/p>\n","protected":false},"excerpt":{"rendered":"<p>Acci\u00f3n Especial de Sony Mobile en el emplazamiento de Raimundo Fern\u00e1ndez Villaverde de Madrid donde podemos ver un espectacular corp\u00f3reo integrado en la lona para dar mayor realismo a la presentaci\u00f3n de la mejor c\u00e1mara de v\u00eddeo 4K de un [&hellip;]<\/p>\n","protected":false},"author":3,"featured_media":7076,"comment_status":"closed","ping_status":"closed","sticky":false,"template":"","format":"standard","meta":{"inline_featured_image":false,"footnotes":""},"categories":[1488,1489,2162],"tags":[2164,2428,1701,1656,1611,1499,2261],"class_list":["post-12456","post","type-post","status-publish","format-standard","has-post-thumbnail","hentry","category-lonas-publicitarias-en","category-madrid-en","category-proyectos-especiales-en","tag-accion-especial-en","tag-corporeo-en","tag-espectacular-en","tag-lonas-gran-formato-en","tag-lonas-publicitarias-madrid-en","tag-madrid-en","tag-proyectos-especiales-madrid-en"],"_links":{"self":[{"href":"https:\/\/www.vsacomunicacion.com\/en\/wp-json\/wp\/v2\/posts\/12456"}],"collection":[{"href":"https:\/\/www.vsacomunicacion.com\/en\/wp-json\/wp\/v2\/posts"}],"about":[{"href":"https:\/\/www.vsacomunicacion.com\/en\/wp-json\/wp\/v2\/types\/post"}],"author":[{"embeddable":true,"href":"https:\/\/www.vsacomunicacion.com\/en\/wp-json\/wp\/v2\/users\/3"}],"replies":[{"embeddable":true,"href":"https:\/\/www.vsacomunicacion.com\/en\/wp-json\/wp\/v2\/comments?post=12456"}],"version-history":[{"count":0,"href":"https:\/\/www.vsacomunicacion.com\/en\/wp-json\/wp\/v2\/posts\/12456\/revisions"}],"wp:featuredmedia":[{"embeddable":true,"href":"https:\/\/www.vsacomunicacion.com\/en\/wp-json\/wp\/v2\/media\/7076"}],"wp:attachment":[{"href":"https:\/\/www.vsacomunicacion.com\/en\/wp-json\/wp\/v2\/media?parent=12456"}],"wp:term":[{"taxonomy":"category","embeddable":true,"href":"https:\/\/www.vsacomunicacion.com\/en\/wp-json\/wp\/v2\/categories?post=12456"},{"taxonomy":"post_tag","embeddable":true,"href":"https:\/\/www.vsacomunicacion.com\/en\/wp-json\/wp\/v2\/tags?post=12456"}],"curies":[{"name":"wp","href":"https:\/\/api.w.org\/{rel}","templated":true}]}}