{"id":12459,"date":"2014-05-27T15:49:22","date_gmt":"2014-05-27T15:49:22","guid":{"rendered":"https:\/\/www.vsacomunicacion.com\/nike-con-el-f-c-barcelona\/"},"modified":"2014-05-27T15:49:22","modified_gmt":"2014-05-27T15:49:22","slug":"nike-con-el-f-c-barcelona","status":"publish","type":"post","link":"https:\/\/www.vsacomunicacion.com\/en\/nike-con-el-f-c-barcelona\/","title":{"rendered":"Nike con el F.C.Barcelona"},"content":{"rendered":"<p>En Plaza Catalu\u00f1a podemos ver la incre\u00edble lona de Nike d\u00f3nde presenta a la ciudad la nueva camiseta del F.C.Barcelona.<\/p>\n<p><a href=\"https:\/\/www.vsacomunicacion.com\/wp-content\/uploads\/2014\/05\/Plaza-Catalunya-Nike-II.jpg\" target=\"_blank\" rel=\"noopener\"><img fetchpriority=\"high\" decoding=\"async\" class=\"aligncenter size-full wp-image-469\" alt=\"Plaza Catalunya - Nike II\" src=\"https:\/\/www.vsacomunicacion.com\/wp-content\/uploads\/2014\/05\/Plaza-Catalunya-Nike-II.jpg\" width=\"608\" height=\"406\" srcset=\"https:\/\/www.vsacomunicacion.com\/wp-content\/uploads\/2014\/05\/Plaza-Catalunya-Nike-II.jpg 608w, https:\/\/www.vsacomunicacion.com\/wp-content\/uploads\/2014\/05\/Plaza-Catalunya-Nike-II-300x200.jpg 300w\" sizes=\"(max-width: 608px) 100vw, 608px\" \/><\/a><\/p>\n<p>&nbsp;<\/p>\n","protected":false},"excerpt":{"rendered":"<p>En Plaza Catalu\u00f1a podemos ver la incre\u00edble lona de Nike d\u00f3nde presenta a la ciudad la nueva camiseta del F.C.Barcelona. &nbsp;<\/p>\n","protected":false},"author":3,"featured_media":7071,"comment_status":"closed","ping_status":"closed","sticky":false,"template":"","format":"standard","meta":{"inline_featured_image":false,"footnotes":""},"categories":[1506,1488],"tags":[2247,1516,2429,2430,1680,1579,1581,1553,2431],"class_list":["post-12459","post","type-post","status-publish","format-standard","has-post-thumbnail","hentry","category-barcelona-en","category-lonas-publicitarias-en","tag-barca-en","tag-barcelona-en","tag-f-c-barcelona-en","tag-feta-per-guanyar-en","tag-lona-espectacular-en","tag-lona-gran-formato-en","tag-lonas-publicitarias-barcelona-en","tag-nike-en","tag-nueva-camiseta-barca-en"],"_links":{"self":[{"href":"https:\/\/www.vsacomunicacion.com\/en\/wp-json\/wp\/v2\/posts\/12459"}],"collection":[{"href":"https:\/\/www.vsacomunicacion.com\/en\/wp-json\/wp\/v2\/posts"}],"about":[{"href":"https:\/\/www.vsacomunicacion.com\/en\/wp-json\/wp\/v2\/types\/post"}],"author":[{"embeddable":true,"href":"https:\/\/www.vsacomunicacion.com\/en\/wp-json\/wp\/v2\/users\/3"}],"replies":[{"embeddable":true,"href":"https:\/\/www.vsacomunicacion.com\/en\/wp-json\/wp\/v2\/comments?post=12459"}],"version-history":[{"count":0,"href":"https:\/\/www.vsacomunicacion.com\/en\/wp-json\/wp\/v2\/posts\/12459\/revisions"}],"wp:featuredmedia":[{"embeddable":true,"href":"https:\/\/www.vsacomunicacion.com\/en\/wp-json\/wp\/v2\/media\/7071"}],"wp:attachment":[{"href":"https:\/\/www.vsacomunicacion.com\/en\/wp-json\/wp\/v2\/media?parent=12459"}],"wp:term":[{"taxonomy":"category","embeddable":true,"href":"https:\/\/www.vsacomunicacion.com\/en\/wp-json\/wp\/v2\/categories?post=12459"},{"taxonomy":"post_tag","embeddable":true,"href":"https:\/\/www.vsacomunicacion.com\/en\/wp-json\/wp\/v2\/tags?post=12459"}],"curies":[{"name":"wp","href":"https:\/\/api.w.org\/{rel}","templated":true}]}}