{"id":12462,"date":"2014-05-19T15:25:15","date_gmt":"2014-05-19T15:25:15","guid":{"rendered":"https:\/\/www.vsacomunicacion.com\/nike-comarriesgalotodo-en-la-gran-via-de-madrid\/"},"modified":"2014-05-19T15:25:15","modified_gmt":"2014-05-19T15:25:15","slug":"nike-comarriesgalotodo-en-la-gran-via-de-madrid","status":"publish","type":"post","link":"https:\/\/www.vsacomunicacion.com\/en\/nike-comarriesgalotodo-en-la-gran-via-de-madrid\/","title":{"rendered":"NIKE.COM\/ARRIESGALOTODO en la Gran V\u00eda de Madrid"},"content":{"rendered":"<p>Cuando Madrid est\u00e1 en juego, la ciudad vibra. En el n\u00famero 15 de la Gran V\u00eda podemos ver una lona de Nike con los dos equipos madrile\u00f1os que se ver\u00e1n las caras en la final de la Copa de Europa.<\/p>\n<p><a href=\"https:\/\/www.vsacomunicacion.com\/wp-content\/uploads\/2014\/05\/Gran-Via-15-Nike.jpg\" target=\"_blank\" rel=\"noopener\"><img fetchpriority=\"high\" decoding=\"async\" class=\"aligncenter size-full wp-image-458\" alt=\"Gran Via 15 - Nike\" src=\"https:\/\/www.vsacomunicacion.com\/wp-content\/uploads\/2014\/05\/Gran-Via-15-Nike.jpg\" width=\"608\" height=\"422\" srcset=\"https:\/\/www.vsacomunicacion.com\/wp-content\/uploads\/2014\/05\/Gran-Via-15-Nike.jpg 608w, https:\/\/www.vsacomunicacion.com\/wp-content\/uploads\/2014\/05\/Gran-Via-15-Nike-300x208.jpg 300w\" sizes=\"(max-width: 608px) 100vw, 608px\" \/><\/a><\/p>\n","protected":false},"excerpt":{"rendered":"<p>Cuando Madrid est\u00e1 en juego, la ciudad vibra. En el n\u00famero 15 de la Gran V\u00eda podemos ver una lona de Nike con los dos equipos madrile\u00f1os que se ver\u00e1n las caras en la final de la Copa de Europa.<\/p>\n","protected":false},"author":3,"featured_media":7069,"comment_status":"closed","ping_status":"closed","sticky":false,"template":"","format":"standard","meta":{"inline_featured_image":false,"footnotes":""},"categories":[1488,1489],"tags":[2435,2433,1619,1680,1579,1581,1499,1553],"class_list":["post-12462","post","type-post","status-publish","format-standard","has-post-thumbnail","hentry","category-lonas-publicitarias-en","category-madrid-en","tag-copa-europa-en","tag-final-copa-de-europa-en","tag-gran-via-en","tag-lona-espectacular-en","tag-lona-gran-formato-en","tag-lonas-publicitarias-barcelona-en","tag-madrid-en","tag-nike-en"],"_links":{"self":[{"href":"https:\/\/www.vsacomunicacion.com\/en\/wp-json\/wp\/v2\/posts\/12462"}],"collection":[{"href":"https:\/\/www.vsacomunicacion.com\/en\/wp-json\/wp\/v2\/posts"}],"about":[{"href":"https:\/\/www.vsacomunicacion.com\/en\/wp-json\/wp\/v2\/types\/post"}],"author":[{"embeddable":true,"href":"https:\/\/www.vsacomunicacion.com\/en\/wp-json\/wp\/v2\/users\/3"}],"replies":[{"embeddable":true,"href":"https:\/\/www.vsacomunicacion.com\/en\/wp-json\/wp\/v2\/comments?post=12462"}],"version-history":[{"count":0,"href":"https:\/\/www.vsacomunicacion.com\/en\/wp-json\/wp\/v2\/posts\/12462\/revisions"}],"wp:featuredmedia":[{"embeddable":true,"href":"https:\/\/www.vsacomunicacion.com\/en\/wp-json\/wp\/v2\/media\/7069"}],"wp:attachment":[{"href":"https:\/\/www.vsacomunicacion.com\/en\/wp-json\/wp\/v2\/media?parent=12462"}],"wp:term":[{"taxonomy":"category","embeddable":true,"href":"https:\/\/www.vsacomunicacion.com\/en\/wp-json\/wp\/v2\/categories?post=12462"},{"taxonomy":"post_tag","embeddable":true,"href":"https:\/\/www.vsacomunicacion.com\/en\/wp-json\/wp\/v2\/tags?post=12462"}],"curies":[{"name":"wp","href":"https:\/\/api.w.org\/{rel}","templated":true}]}}