{"id":12465,"date":"2014-05-12T12:04:17","date_gmt":"2014-05-12T12:04:17","guid":{"rendered":"https:\/\/www.vsacomunicacion.com\/lona-de-vsa-en-la-exposicion-de-efe-75-anos-en-fotos\/"},"modified":"2014-05-12T12:04:17","modified_gmt":"2014-05-12T12:04:17","slug":"lona-de-vsa-en-la-exposicion-de-efe-75-anos-en-fotos","status":"publish","type":"post","link":"https:\/\/www.vsacomunicacion.com\/en\/lona-de-vsa-en-la-exposicion-de-efe-75-anos-en-fotos\/","title":{"rendered":"Lona de VSA en la Exposici\u00f3n de &#8216;Efe: 75 a\u00f1os en fotos&#8217;"},"content":{"rendered":"<p>Agencia EFE &#8216;Efe: 75 a\u00f1os en fotos&#8217; en el Palau Robert de Barcelona. Fotograf\u00eda de la Lona Espectacular de Nike en Plaza Catalu\u00f1a coincidiendo con el\u00a0movimiento 15-M en el a\u00f1o 2011.<\/p>\n<p><a href=\"https:\/\/www.vsacomunicacion.com\/wp-content\/uploads\/2014\/05\/Moviment-15-M-Plaza-Catalunya-2011.jpg\" target=\"_blank\" rel=\"noopener\"><img fetchpriority=\"high\" decoding=\"async\" class=\"aligncenter size-full wp-image-432\" alt=\"Moviment 15-M Plaza Catalunya 2011\" src=\"https:\/\/www.vsacomunicacion.com\/wp-content\/uploads\/2014\/05\/Moviment-15-M-Plaza-Catalunya-2011.jpg\" width=\"343\" height=\"229\" srcset=\"https:\/\/www.vsacomunicacion.com\/wp-content\/uploads\/2014\/05\/Moviment-15-M-Plaza-Catalunya-2011.jpg 343w, https:\/\/www.vsacomunicacion.com\/wp-content\/uploads\/2014\/05\/Moviment-15-M-Plaza-Catalunya-2011-300x200.jpg 300w\" sizes=\"(max-width: 343px) 100vw, 343px\" \/><\/a><\/p>\n","protected":false},"excerpt":{"rendered":"<p>Agencia EFE &#8216;Efe: 75 a\u00f1os en fotos&#8217; en el Palau Robert de Barcelona. Fotograf\u00eda de la Lona Espectacular de Nike en Plaza Catalu\u00f1a coincidiendo con el\u00a0movimiento 15-M en el a\u00f1o 2011.<\/p>\n","protected":false},"author":3,"featured_media":7063,"comment_status":"closed","ping_status":"closed","sticky":false,"template":"","format":"standard","meta":{"inline_featured_image":false,"footnotes":""},"categories":[1506,1488],"tags":[2436,2437,1516,2438,1708,1579,1581],"class_list":["post-12465","post","type-post","status-publish","format-standard","has-post-thumbnail","hentry","category-barcelona-en","category-lonas-publicitarias-en","tag-75-anos-en-fotos-en","tag-agencia-efe-en","tag-barcelona-en","tag-exposicion-en","tag-formato-espectacular-en","tag-lona-gran-formato-en","tag-lonas-publicitarias-barcelona-en"],"_links":{"self":[{"href":"https:\/\/www.vsacomunicacion.com\/en\/wp-json\/wp\/v2\/posts\/12465"}],"collection":[{"href":"https:\/\/www.vsacomunicacion.com\/en\/wp-json\/wp\/v2\/posts"}],"about":[{"href":"https:\/\/www.vsacomunicacion.com\/en\/wp-json\/wp\/v2\/types\/post"}],"author":[{"embeddable":true,"href":"https:\/\/www.vsacomunicacion.com\/en\/wp-json\/wp\/v2\/users\/3"}],"replies":[{"embeddable":true,"href":"https:\/\/www.vsacomunicacion.com\/en\/wp-json\/wp\/v2\/comments?post=12465"}],"version-history":[{"count":0,"href":"https:\/\/www.vsacomunicacion.com\/en\/wp-json\/wp\/v2\/posts\/12465\/revisions"}],"wp:featuredmedia":[{"embeddable":true,"href":"https:\/\/www.vsacomunicacion.com\/en\/wp-json\/wp\/v2\/media\/7063"}],"wp:attachment":[{"href":"https:\/\/www.vsacomunicacion.com\/en\/wp-json\/wp\/v2\/media?parent=12465"}],"wp:term":[{"taxonomy":"category","embeddable":true,"href":"https:\/\/www.vsacomunicacion.com\/en\/wp-json\/wp\/v2\/categories?post=12465"},{"taxonomy":"post_tag","embeddable":true,"href":"https:\/\/www.vsacomunicacion.com\/en\/wp-json\/wp\/v2\/tags?post=12465"}],"curies":[{"name":"wp","href":"https:\/\/api.w.org\/{rel}","templated":true}]}}