{"id":12470,"date":"2014-04-14T16:08:14","date_gmt":"2014-04-14T16:08:14","guid":{"rendered":"https:\/\/www.vsacomunicacion.com\/activia-sentirte-bien-empieza-en-tu-interior\/"},"modified":"2014-04-14T16:08:14","modified_gmt":"2014-04-14T16:08:14","slug":"activia-sentirte-bien-empieza-en-tu-interior","status":"publish","type":"post","link":"https:\/\/www.vsacomunicacion.com\/en\/activia-sentirte-bien-empieza-en-tu-interior\/","title":{"rendered":"Activia &#8220;Sentirte bien empieza en tu interior&#8221;"},"content":{"rendered":"<p>Danone ha confiado en VSA para llevar a cabo una acci\u00f3n especial en la lona de Francesc Maci\u00e0, un recorrido de leds que simula los destellos de oro como s\u00edmbolo de bienestar interior. Se enmarca en un bosque de fantas\u00eda, en el que la artista aparece bailando. Shakira seg\u00fan ha comentado durante el rodaje: &#8220;cuidar la salud interior es clave para sentirse bien y, para m\u00ed, la danza es una manera de mostrar que me siento bien por dentro y por fuera\u201d.<\/p>\n<p style=\"text-align: center;\"><a href=\"https:\/\/www.vsacomunicacion.com\/wp-content\/uploads\/2014\/04\/Lona-DANONE-Francesc-Macia-4.jpg\"><img fetchpriority=\"high\" decoding=\"async\" class=\"aligncenter  wp-image-2082\" title=\"Lona-DANONE-Francesc-Macia-4\" alt=\"Lona-DANONE-Francesc-Macia-4\" src=\"https:\/\/www.vsacomunicacion.com\/wp-content\/uploads\/2014\/04\/Lona-DANONE-Francesc-Macia-4.jpg\" width=\"622\" height=\"416\" srcset=\"https:\/\/www.vsacomunicacion.com\/wp-content\/uploads\/2014\/04\/Lona-DANONE-Francesc-Macia-4.jpg 2000w, https:\/\/www.vsacomunicacion.com\/wp-content\/uploads\/2014\/04\/Lona-DANONE-Francesc-Macia-4-300x200.jpg 300w, https:\/\/www.vsacomunicacion.com\/wp-content\/uploads\/2014\/04\/Lona-DANONE-Francesc-Macia-4-1024x684.jpg 1024w, https:\/\/www.vsacomunicacion.com\/wp-content\/uploads\/2014\/04\/Lona-DANONE-Francesc-Macia-4-768x513.jpg 768w, https:\/\/www.vsacomunicacion.com\/wp-content\/uploads\/2014\/04\/Lona-DANONE-Francesc-Macia-4-1536x1025.jpg 1536w\" sizes=\"(max-width: 622px) 100vw, 622px\" \/><\/a><\/p>\n<p>&nbsp;<\/p>\n<p><iframe src=\"\/\/player.vimeo.com\/video\/91711099\" height=\"282\" width=\"500\" allowfullscreen=\"\" frameborder=\"0\"><\/iframe><\/p>\n","protected":false},"excerpt":{"rendered":"<p>Danone ha confiado en VSA para llevar a cabo una acci\u00f3n especial en la lona de Francesc Maci\u00e0, un recorrido de leds que simula los destellos de oro como s\u00edmbolo de bienestar interior. Se enmarca en un bosque de fantas\u00eda, [&hellip;]<\/p>\n","protected":false},"author":3,"featured_media":7215,"comment_status":"closed","ping_status":"closed","sticky":false,"template":"","format":"standard","meta":{"inline_featured_image":false,"footnotes":""},"categories":[1506,1488,2162],"tags":[2164,2440,2441,1693,2442,1581,2236,2443],"class_list":["post-12470","post","type-post","status-publish","format-standard","has-post-thumbnail","hentry","category-barcelona-en","category-lonas-publicitarias-en","category-proyectos-especiales-en","tag-accion-especial-en","tag-activia-en","tag-danone-en","tag-gran-formato-en","tag-lonas-formato-en","tag-lonas-publicitarias-barcelona-en","tag-proyectos-especiales-barcelona-en","tag-shakira-en"],"_links":{"self":[{"href":"https:\/\/www.vsacomunicacion.com\/en\/wp-json\/wp\/v2\/posts\/12470"}],"collection":[{"href":"https:\/\/www.vsacomunicacion.com\/en\/wp-json\/wp\/v2\/posts"}],"about":[{"href":"https:\/\/www.vsacomunicacion.com\/en\/wp-json\/wp\/v2\/types\/post"}],"author":[{"embeddable":true,"href":"https:\/\/www.vsacomunicacion.com\/en\/wp-json\/wp\/v2\/users\/3"}],"replies":[{"embeddable":true,"href":"https:\/\/www.vsacomunicacion.com\/en\/wp-json\/wp\/v2\/comments?post=12470"}],"version-history":[{"count":0,"href":"https:\/\/www.vsacomunicacion.com\/en\/wp-json\/wp\/v2\/posts\/12470\/revisions"}],"wp:featuredmedia":[{"embeddable":true,"href":"https:\/\/www.vsacomunicacion.com\/en\/wp-json\/wp\/v2\/media\/7215"}],"wp:attachment":[{"href":"https:\/\/www.vsacomunicacion.com\/en\/wp-json\/wp\/v2\/media?parent=12470"}],"wp:term":[{"taxonomy":"category","embeddable":true,"href":"https:\/\/www.vsacomunicacion.com\/en\/wp-json\/wp\/v2\/categories?post=12470"},{"taxonomy":"post_tag","embeddable":true,"href":"https:\/\/www.vsacomunicacion.com\/en\/wp-json\/wp\/v2\/tags?post=12470"}],"curies":[{"name":"wp","href":"https:\/\/api.w.org\/{rel}","templated":true}]}}