{"id":12472,"date":"2014-04-10T10:50:57","date_gmt":"2014-04-10T10:50:57","guid":{"rendered":"https:\/\/www.vsacomunicacion.com\/francesc-macia-shakira-activia-sentirte-bien-empieza-en-tu-interior\/"},"modified":"2014-04-10T10:50:57","modified_gmt":"2014-04-10T10:50:57","slug":"francesc-macia-shakira-activia-sentirte-bien-empieza-en-tu-interior","status":"publish","type":"post","link":"https:\/\/www.vsacomunicacion.com\/en\/francesc-macia-shakira-activia-sentirte-bien-empieza-en-tu-interior\/","title":{"rendered":"Francesc Maci\u00e0 &#8211; Shakira &#8211; Activia &#8211; Sentirte bien empieza en tu interior"},"content":{"rendered":"<p>Activia presenta su primera campa\u00f1a mundial con la colaboraci\u00f3n internacional de Shakira que dar\u00e1 vida a la iniciativa \u201cSentirte bien empieza en tu interior\u201d que, a trav\u00e9s de la danza, busca celebrar la importancia del bienestar interior.<\/p>\n<p><a href=\"https:\/\/www.vsacomunicacion.com\/wp-content\/uploads\/2014\/04\/Activia-Francesc-Macia-4.jpg\" target=\"_blank\" rel=\"noopener\"><img fetchpriority=\"high\" decoding=\"async\" class=\"aligncenter size-full wp-image-374\" alt=\"Activia Francesc Macia 4\" src=\"https:\/\/www.vsacomunicacion.com\/wp-content\/uploads\/2014\/04\/Activia-Francesc-Macia-4.jpg\" width=\"608\" height=\"406\" srcset=\"https:\/\/www.vsacomunicacion.com\/wp-content\/uploads\/2014\/04\/Activia-Francesc-Macia-4.jpg 608w, https:\/\/www.vsacomunicacion.com\/wp-content\/uploads\/2014\/04\/Activia-Francesc-Macia-4-300x200.jpg 300w\" sizes=\"(max-width: 608px) 100vw, 608px\" \/><\/a><\/p>\n","protected":false},"excerpt":{"rendered":"<p>Activia presenta su primera campa\u00f1a mundial con la colaboraci\u00f3n internacional de Shakira que dar\u00e1 vida a la iniciativa \u201cSentirte bien empieza en tu interior\u201d que, a trav\u00e9s de la danza, busca celebrar la importancia del bienestar interior.<\/p>\n","protected":false},"author":3,"featured_media":7053,"comment_status":"closed","ping_status":"closed","sticky":false,"template":"","format":"standard","meta":{"inline_featured_image":false,"footnotes":""},"categories":[1506,1488,2162],"tags":[2164,2440,2441,1701,1693,1656,1609,1581],"class_list":["post-12472","post","type-post","status-publish","format-standard","has-post-thumbnail","hentry","category-barcelona-en","category-lonas-publicitarias-en","category-proyectos-especiales-en","tag-accion-especial-en","tag-activia-en","tag-danone-en","tag-espectacular-en","tag-gran-formato-en","tag-lonas-gran-formato-en","tag-lonas-publicitarias-2-en","tag-lonas-publicitarias-barcelona-en"],"_links":{"self":[{"href":"https:\/\/www.vsacomunicacion.com\/en\/wp-json\/wp\/v2\/posts\/12472"}],"collection":[{"href":"https:\/\/www.vsacomunicacion.com\/en\/wp-json\/wp\/v2\/posts"}],"about":[{"href":"https:\/\/www.vsacomunicacion.com\/en\/wp-json\/wp\/v2\/types\/post"}],"author":[{"embeddable":true,"href":"https:\/\/www.vsacomunicacion.com\/en\/wp-json\/wp\/v2\/users\/3"}],"replies":[{"embeddable":true,"href":"https:\/\/www.vsacomunicacion.com\/en\/wp-json\/wp\/v2\/comments?post=12472"}],"version-history":[{"count":0,"href":"https:\/\/www.vsacomunicacion.com\/en\/wp-json\/wp\/v2\/posts\/12472\/revisions"}],"wp:featuredmedia":[{"embeddable":true,"href":"https:\/\/www.vsacomunicacion.com\/en\/wp-json\/wp\/v2\/media\/7053"}],"wp:attachment":[{"href":"https:\/\/www.vsacomunicacion.com\/en\/wp-json\/wp\/v2\/media?parent=12472"}],"wp:term":[{"taxonomy":"category","embeddable":true,"href":"https:\/\/www.vsacomunicacion.com\/en\/wp-json\/wp\/v2\/categories?post=12472"},{"taxonomy":"post_tag","embeddable":true,"href":"https:\/\/www.vsacomunicacion.com\/en\/wp-json\/wp\/v2\/tags?post=12472"}],"curies":[{"name":"wp","href":"https:\/\/api.w.org\/{rel}","templated":true}]}}